{"id":1371,"date":"2019-09-29T10:00:49","date_gmt":"2019-09-29T08:00:49","guid":{"rendered":"https:\/\/www.human-rights-year.com\/?p=1371"},"modified":"2019-09-25T13:40:03","modified_gmt":"2019-09-25T11:40:03","slug":"der-nuernberger-menschrechtspreis-2019-ging-an-den-chilenischen-agraringenieur-rodrigo-mundaca","status":"publish","type":"post","link":"https:\/\/www.human-rights-year.com\/de\/2019\/09\/29\/der-nuernberger-menschrechtspreis-2019-ging-an-den-chilenischen-agraringenieur-rodrigo-mundaca\/","title":{"rendered":"Der N\u00fcrnberger Menschrechtspreis 2019 ging an den chilenischen Agraringenieur Rodrigo Mundaca"},"content":{"rendered":"<p>Am 22. September 2019 wurde der Internationale N\u00fcrnberger Menschenrechtspreis an den Chilenen Rodrigo Mundaca verliehen. Der mit 15.000 Euro dotierte Preis wird alle zwei Jahre an Personen oder Gruppen vergeben, die sich trotz eines hohen pers\u00f6nlichen Risikos vorbildlich f\u00fcr den Schutz der Menschenrechte einsetzen.<\/p>\n<p>Der Agraringenieur Mundaca arbeitet f\u00fcr die Organisation <a href=\"http:\/\/modatima.cl\/\" target=\"_blank\" rel=\"noopener noreferrer\">Movimiento de Defensa por el protecci\u00f3n del Medio Ambiente (MODATIMA)<\/a> zu deutsch: Bewegung zur Verteidigung des Zugangs zu Wasser, der Erde und des Umweltschutzes. Seit Jahren k\u00e4mpft er f\u00fcr freien Zugang zu Wasser in der Region Petorca, n\u00f6rdlich von Santiago de Chile.<\/p>\n<p>90 Prozent der Wasserrechte in Chile sind privatisiert. Daher k\u00f6nnen Agrarunternehmen das Wasser aus den Fl\u00fcssen vor allem auf Avocado-Plantagen und in private Brunnen leiten. Das f\u00fchrt zu erheblichen Rivalit\u00e4ten mit lokalen Kleinbauern und der l\u00e4ndlichen Bev\u00f6lkerung. Im globalen S\u00fcden sind Konflikte um ausreichend und sauberes Wasser nahezu allt\u00e4glich.<\/p>\n<p>&nbsp;<\/p>\n<p><a href=\"https:\/\/www.sonntagsblatt.de\/artikel\/menschen\/nuernberger-menschenrechtspreis-rueckt-zugang-zu-wasser-ins-bewusstsein\" target=\"_blank\" rel=\"noopener noreferrer\">Quelle<\/a><br \/>\nIllustration (CC) <a href=\"https:\/\/de.wikipedia.org\/wiki\/Rodrigo_Mundaca#\/media\/Datei:Rodrigo_Mundaca_(Cropped).jpg\" target=\"_blank\" rel=\"noopener noreferrer\" data-rel=\"lightbox-image-0\" data-rl_title=\"\" data-rl_caption=\"\" title=\"\">Alejandro Vergara<\/a><\/p>\n","protected":false},"excerpt":{"rendered":"<p>Am 22. September 2019 wurde der Internationale N\u00fcrnberger Menschenrechtspreis an den Chilenen Rodrigo Mundaca verliehen. Der mit 15.000 Euro dotierte Preis wird alle zwei Jahre<\/p>\n","protected":false},"author":1,"featured_media":1374,"comment_status":"closed","ping_status":"open","sticky":false,"template":"","format":"standard","meta":[],"categories":[19,12],"tags":[275,273,272,276,274],"yoast_head":"<!-- This site is optimized with the Yoast SEO plugin v19.4 - https:\/\/yoast.com\/wordpress\/plugins\/seo\/ -->\n<title>Der N\u00fcrnberger Menschrechtspreis 2019 ging an den chilenischen Agraringenieur Rodrigo Mundaca - Europ\u00e4ischer Menschenrechtsdialog<\/title>\n<meta name=\"description\" content=\"Am 22. September 2019 wurde der Internationale N\u00fcrnberger Menschenrechtspreis an den Chilenen Rodrigo Mundaca verliehen. Der mit 15.000 Euro dotierte Preis wird alle zwei Jahre an Personen oder Gruppen vergeben, die sich trotz eines hohen pers\u00f6nlichen Risikos vorbildlich f\u00fcr den Schutz der Menschenrechte einsetzen.\" \/>\n<meta name=\"robots\" content=\"index, follow, max-snippet:-1, max-image-preview:large, max-video-preview:-1\" \/>\n<link rel=\"canonical\" href=\"https:\/\/www.human-rights-year.com\/de\/2019\/09\/29\/der-nuernberger-menschrechtspreis-2019-ging-an-den-chilenischen-agraringenieur-rodrigo-mundaca\/\" \/>\n<meta property=\"og:locale\" content=\"de_DE\" \/>\n<meta property=\"og:type\" content=\"article\" \/>\n<meta property=\"og:title\" content=\"Der N\u00fcrnberger Menschrechtspreis 2019 ging an den chilenischen Agraringenieur Rodrigo Mundaca - Europ\u00e4ischer Menschenrechtsdialog\" \/>\n<meta property=\"og:description\" content=\"Am 22. September 2019 wurde der Internationale N\u00fcrnberger Menschenrechtspreis an den Chilenen Rodrigo Mundaca verliehen. Der mit 15.000 Euro dotierte Preis wird alle zwei Jahre an Personen oder Gruppen vergeben, die sich trotz eines hohen pers\u00f6nlichen Risikos vorbildlich f\u00fcr den Schutz der Menschenrechte einsetzen.\" \/>\n<meta property=\"og:url\" content=\"https:\/\/www.human-rights-year.com\/de\/2019\/09\/29\/der-nuernberger-menschrechtspreis-2019-ging-an-den-chilenischen-agraringenieur-rodrigo-mundaca\/\" \/>\n<meta property=\"og:site_name\" content=\"Europ\u00e4ischer Menschenrechtsdialog\" \/>\n<meta property=\"article:published_time\" content=\"2019-09-29T08:00:49+00:00\" \/>\n<meta property=\"article:modified_time\" content=\"2019-09-25T11:40:03+00:00\" \/>\n<meta property=\"og:image\" content=\"https:\/\/www.human-rights-year.com\/wp-content\/uploads\/2019\/09\/rodrigo-1.jpg\" \/>\n\t<meta property=\"og:image:width\" content=\"800\" \/>\n\t<meta property=\"og:image:height\" content=\"642\" \/>\n\t<meta property=\"og:image:type\" content=\"image\/jpeg\" \/>\n<meta name=\"author\" content=\"Human Rights Year\" \/>\n<meta name=\"twitter:card\" content=\"summary_large_image\" \/>\n<meta name=\"twitter:label1\" content=\"Verfasst von\" \/>\n\t<meta name=\"twitter:data1\" content=\"Human Rights Year\" \/>\n\t<meta name=\"twitter:label2\" content=\"Gesch\u00e4tzte Lesezeit\" \/>\n\t<meta name=\"twitter:data2\" content=\"1\u00a0Minute\" \/>\n<script type=\"application\/ld+json\" class=\"yoast-schema-graph\">{\"@context\":\"https:\/\/schema.org\",\"@graph\":[{\"@type\":\"WebSite\",\"@id\":\"https:\/\/www.human-rights-year.com\/#website\",\"url\":\"https:\/\/www.human-rights-year.com\/\",\"name\":\"\u0415\u0432\u0440\u043e\u043f\u0435\u0439\u0441\u043a\u0438\u0439 \u043f\u0440\u0430\u0432\u043e\u0437\u0430\u0449\u0438\u0442\u043d\u044b\u0439 \u0434\u0438\u0430\u043b\u043e\u0433\",\"description\":\" \",\"potentialAction\":[{\"@type\":\"SearchAction\",\"target\":{\"@type\":\"EntryPoint\",\"urlTemplate\":\"https:\/\/www.human-rights-year.com\/?s={search_term_string}\"},\"query-input\":\"required name=search_term_string\"}],\"inLanguage\":\"de\"},{\"@type\":\"WebPage\",\"@id\":\"https:\/\/www.human-rights-year.com\/de\/2019\/09\/29\/der-nuernberger-menschrechtspreis-2019-ging-an-den-chilenischen-agraringenieur-rodrigo-mundaca\/\",\"url\":\"https:\/\/www.human-rights-year.com\/de\/2019\/09\/29\/der-nuernberger-menschrechtspreis-2019-ging-an-den-chilenischen-agraringenieur-rodrigo-mundaca\/\",\"name\":\"Der N\u00fcrnberger Menschrechtspreis 2019 ging an den chilenischen Agraringenieur Rodrigo Mundaca - Europ\u00e4ischer Menschenrechtsdialog\",\"isPartOf\":{\"@id\":\"https:\/\/www.human-rights-year.com\/#website\"},\"datePublished\":\"2019-09-29T08:00:49+00:00\",\"dateModified\":\"2019-09-25T11:40:03+00:00\",\"author\":{\"@id\":\"https:\/\/www.human-rights-year.com\/#\/schema\/person\/54d85daa1545786aba6f5320df79bb4c\"},\"description\":\"Am 22. September 2019 wurde der Internationale N\u00fcrnberger Menschenrechtspreis an den Chilenen Rodrigo Mundaca verliehen. Der mit 15.000 Euro dotierte Preis wird alle zwei Jahre an Personen oder Gruppen vergeben, die sich trotz eines hohen pers\u00f6nlichen Risikos vorbildlich f\u00fcr den Schutz der Menschenrechte einsetzen.\",\"breadcrumb\":{\"@id\":\"https:\/\/www.human-rights-year.com\/de\/2019\/09\/29\/der-nuernberger-menschrechtspreis-2019-ging-an-den-chilenischen-agraringenieur-rodrigo-mundaca\/#breadcrumb\"},\"inLanguage\":\"de\",\"potentialAction\":[{\"@type\":\"ReadAction\",\"target\":[\"https:\/\/www.human-rights-year.com\/de\/2019\/09\/29\/der-nuernberger-menschrechtspreis-2019-ging-an-den-chilenischen-agraringenieur-rodrigo-mundaca\/\"]}]},{\"@type\":\"BreadcrumbList\",\"@id\":\"https:\/\/www.human-rights-year.com\/de\/2019\/09\/29\/der-nuernberger-menschrechtspreis-2019-ging-an-den-chilenischen-agraringenieur-rodrigo-mundaca\/#breadcrumb\",\"itemListElement\":[{\"@type\":\"ListItem\",\"position\":1,\"name\":\"\u0413\u043b\u0430\u0432\u043d\u0430\u044f \u0441\u0442\u0440\u0430\u043d\u0438\u0446\u0430\",\"item\":\"https:\/\/www.human-rights-year.com\/de\/\"},{\"@type\":\"ListItem\",\"position\":2,\"name\":\"Der N\u00fcrnberger Menschrechtspreis 2019 ging an den chilenischen Agraringenieur Rodrigo Mundaca\"}]},{\"@type\":\"Person\",\"@id\":\"https:\/\/www.human-rights-year.com\/#\/schema\/person\/54d85daa1545786aba6f5320df79bb4c\",\"name\":\"Human Rights Year\",\"image\":{\"@type\":\"ImageObject\",\"inLanguage\":\"de\",\"@id\":\"https:\/\/www.human-rights-year.com\/#\/schema\/person\/image\/\",\"url\":\"https:\/\/secure.gravatar.com\/avatar\/685b0e722b7b569d9169f933abfd5f26?s=96&d=mm&r=g\",\"contentUrl\":\"https:\/\/secure.gravatar.com\/avatar\/685b0e722b7b569d9169f933abfd5f26?s=96&d=mm&r=g\",\"caption\":\"Human Rights Year\"},\"description\":\"\u041d\u0435\u043c\u0435\u0446\u043a\u043e - \u0440\u043e\u0441\u0441\u0438\u0439\u0441\u043a\u0438\u0439 \u0433\u043e\u0434 \u043f\u0440\u0430\u0432 \u0447\u0435\u043b\u043e\u0432\u0435\u043a\u0430 \u041f\u0440\u043e\u0435\u043a\u0442 \u0438\u043d\u0444\u043e\u0440\u043c\u0438\u0440\u0443\u0435\u0442 \u043d\u0435\u043c\u0435\u0446\u043a\u043e\u0435 \u043e\u0431\u0449\u0435\u0441\u0442\u0432\u043e,\u00a0 \u0432 \u0442\u043e\u043c \u0447\u0438\u0441\u043b\u0435 \u0435\u0433\u043e \u0440\u0443\u0441\u0441\u043a\u043e\u044f\u0437\u044b\u0447\u043d\u0443\u044e \u0447\u0430\u0441\u0442\u044c, \u043e \u0441\u0438\u0442\u0443\u0430\u0446\u0438\u0438 \u0441 \u0441\u043e\u0431\u043b\u044e\u0434\u0435\u043d\u0438\u0435\u043c \u043f\u0440\u0430\u0432 \u0447\u0435\u043b\u043e\u0432\u0435\u043a\u0430 \u0432 \u0420\u043e\u0441\u0441\u0438\u0438; \u0430 \u0440\u043e\u0441\u0441\u0438\u044f\u043d - \u043e \u0441\u0438\u0442\u0443\u0430\u0446\u0438\u0438 \u0432 \u044d\u0442\u043e\u0439 \u043e\u0431\u043b\u0430\u0441\u0442\u0438 \u0432 \u0413\u0435\u0440\u043c\u0430\u043d\u0438\u0438. \u0420\u0435\u0430\u043b\u0438\u0437\u0443\u0435\u0442\u0441\u044f \u043f\u0440\u0438 \u0443\u0447\u0430\u0441\u0442\u0438\u0438 \u0440\u043e\u0441\u0441\u0438\u0439\u0441\u043a\u043e\u0433\u043e \u043f\u0440\u0430\u0432\u043e\u0437\u0430\u0449\u0438\u0442\u043d\u043e\u0433\u043e \u0446\u0435\u043d\u0442\u0440\u0430 \u201c\u041c\u0435\u043c\u043e\u0440\u0438\u0430\u043b\u201d \u0438 \u0424\u043e\u0440\u0443\u043c\u0430 \u0440\u0443\u0441\u0441\u043a\u043e\u044f\u0437\u044b\u0447\u043d\u044b\u0445 \u0435\u0432\u0440\u043e\u043f\u0435\u0439\u0446\u0435\u0432, \u0430 \u0442\u0430\u043a\u0436\u0435 \u043f\u0440\u0438 \u043f\u043e\u0434\u0434\u0435\u0440\u0436\u043a\u0435 \u0433\u0435\u0440\u043c\u0430\u043d\u0441\u043a\u043e\u0433\u043e \u041c\u0418\u0414\u0430.\",\"sameAs\":[\"https:\/\/www.human-rights-year.com\"],\"url\":\"https:\/\/www.human-rights-year.com\/de\/author\/humanrightsyear\/\"}]}<\/script>\n<!-- \/ Yoast SEO plugin. -->","yoast_head_json":{"title":"Der N\u00fcrnberger Menschrechtspreis 2019 ging an den chilenischen Agraringenieur Rodrigo Mundaca - Europ\u00e4ischer Menschenrechtsdialog","description":"Am 22. September 2019 wurde der Internationale N\u00fcrnberger Menschenrechtspreis an den Chilenen Rodrigo Mundaca verliehen. Der mit 15.000 Euro dotierte Preis wird alle zwei Jahre an Personen oder Gruppen vergeben, die sich trotz eines hohen pers\u00f6nlichen Risikos vorbildlich f\u00fcr den Schutz der Menschenrechte einsetzen.","robots":{"index":"index","follow":"follow","max-snippet":"max-snippet:-1","max-image-preview":"max-image-preview:large","max-video-preview":"max-video-preview:-1"},"canonical":"https:\/\/www.human-rights-year.com\/de\/2019\/09\/29\/der-nuernberger-menschrechtspreis-2019-ging-an-den-chilenischen-agraringenieur-rodrigo-mundaca\/","og_locale":"de_DE","og_type":"article","og_title":"Der N\u00fcrnberger Menschrechtspreis 2019 ging an den chilenischen Agraringenieur Rodrigo Mundaca - Europ\u00e4ischer Menschenrechtsdialog","og_description":"Am 22. September 2019 wurde der Internationale N\u00fcrnberger Menschenrechtspreis an den Chilenen Rodrigo Mundaca verliehen. Der mit 15.000 Euro dotierte Preis wird alle zwei Jahre an Personen oder Gruppen vergeben, die sich trotz eines hohen pers\u00f6nlichen Risikos vorbildlich f\u00fcr den Schutz der Menschenrechte einsetzen.","og_url":"https:\/\/www.human-rights-year.com\/de\/2019\/09\/29\/der-nuernberger-menschrechtspreis-2019-ging-an-den-chilenischen-agraringenieur-rodrigo-mundaca\/","og_site_name":"Europ\u00e4ischer Menschenrechtsdialog","article_published_time":"2019-09-29T08:00:49+00:00","article_modified_time":"2019-09-25T11:40:03+00:00","og_image":[{"width":800,"height":642,"url":"https:\/\/www.human-rights-year.com\/wp-content\/uploads\/2019\/09\/rodrigo-1.jpg","type":"image\/jpeg"}],"author":"Human Rights Year","twitter_card":"summary_large_image","twitter_misc":{"Verfasst von":"Human Rights Year","Gesch\u00e4tzte Lesezeit":"1\u00a0Minute"},"schema":{"@context":"https:\/\/schema.org","@graph":[{"@type":"WebSite","@id":"https:\/\/www.human-rights-year.com\/#website","url":"https:\/\/www.human-rights-year.com\/","name":"\u0415\u0432\u0440\u043e\u043f\u0435\u0439\u0441\u043a\u0438\u0439 \u043f\u0440\u0430\u0432\u043e\u0437\u0430\u0449\u0438\u0442\u043d\u044b\u0439 \u0434\u0438\u0430\u043b\u043e\u0433","description":" ","potentialAction":[{"@type":"SearchAction","target":{"@type":"EntryPoint","urlTemplate":"https:\/\/www.human-rights-year.com\/?s={search_term_string}"},"query-input":"required name=search_term_string"}],"inLanguage":"de"},{"@type":"WebPage","@id":"https:\/\/www.human-rights-year.com\/de\/2019\/09\/29\/der-nuernberger-menschrechtspreis-2019-ging-an-den-chilenischen-agraringenieur-rodrigo-mundaca\/","url":"https:\/\/www.human-rights-year.com\/de\/2019\/09\/29\/der-nuernberger-menschrechtspreis-2019-ging-an-den-chilenischen-agraringenieur-rodrigo-mundaca\/","name":"Der N\u00fcrnberger Menschrechtspreis 2019 ging an den chilenischen Agraringenieur Rodrigo Mundaca - Europ\u00e4ischer Menschenrechtsdialog","isPartOf":{"@id":"https:\/\/www.human-rights-year.com\/#website"},"datePublished":"2019-09-29T08:00:49+00:00","dateModified":"2019-09-25T11:40:03+00:00","author":{"@id":"https:\/\/www.human-rights-year.com\/#\/schema\/person\/54d85daa1545786aba6f5320df79bb4c"},"description":"Am 22. September 2019 wurde der Internationale N\u00fcrnberger Menschenrechtspreis an den Chilenen Rodrigo Mundaca verliehen. Der mit 15.000 Euro dotierte Preis wird alle zwei Jahre an Personen oder Gruppen vergeben, die sich trotz eines hohen pers\u00f6nlichen Risikos vorbildlich f\u00fcr den Schutz der Menschenrechte einsetzen.","breadcrumb":{"@id":"https:\/\/www.human-rights-year.com\/de\/2019\/09\/29\/der-nuernberger-menschrechtspreis-2019-ging-an-den-chilenischen-agraringenieur-rodrigo-mundaca\/#breadcrumb"},"inLanguage":"de","potentialAction":[{"@type":"ReadAction","target":["https:\/\/www.human-rights-year.com\/de\/2019\/09\/29\/der-nuernberger-menschrechtspreis-2019-ging-an-den-chilenischen-agraringenieur-rodrigo-mundaca\/"]}]},{"@type":"BreadcrumbList","@id":"https:\/\/www.human-rights-year.com\/de\/2019\/09\/29\/der-nuernberger-menschrechtspreis-2019-ging-an-den-chilenischen-agraringenieur-rodrigo-mundaca\/#breadcrumb","itemListElement":[{"@type":"ListItem","position":1,"name":"\u0413\u043b\u0430\u0432\u043d\u0430\u044f \u0441\u0442\u0440\u0430\u043d\u0438\u0446\u0430","item":"https:\/\/www.human-rights-year.com\/de\/"},{"@type":"ListItem","position":2,"name":"Der N\u00fcrnberger Menschrechtspreis 2019 ging an den chilenischen Agraringenieur Rodrigo Mundaca"}]},{"@type":"Person","@id":"https:\/\/www.human-rights-year.com\/#\/schema\/person\/54d85daa1545786aba6f5320df79bb4c","name":"Human Rights Year","image":{"@type":"ImageObject","inLanguage":"de","@id":"https:\/\/www.human-rights-year.com\/#\/schema\/person\/image\/","url":"https:\/\/secure.gravatar.com\/avatar\/685b0e722b7b569d9169f933abfd5f26?s=96&d=mm&r=g","contentUrl":"https:\/\/secure.gravatar.com\/avatar\/685b0e722b7b569d9169f933abfd5f26?s=96&d=mm&r=g","caption":"Human Rights Year"},"description":"\u041d\u0435\u043c\u0435\u0446\u043a\u043e - \u0440\u043e\u0441\u0441\u0438\u0439\u0441\u043a\u0438\u0439 \u0433\u043e\u0434 \u043f\u0440\u0430\u0432 \u0447\u0435\u043b\u043e\u0432\u0435\u043a\u0430 \u041f\u0440\u043e\u0435\u043a\u0442 \u0438\u043d\u0444\u043e\u0440\u043c\u0438\u0440\u0443\u0435\u0442 \u043d\u0435\u043c\u0435\u0446\u043a\u043e\u0435 \u043e\u0431\u0449\u0435\u0441\u0442\u0432\u043e,\u00a0 \u0432 \u0442\u043e\u043c \u0447\u0438\u0441\u043b\u0435 \u0435\u0433\u043e \u0440\u0443\u0441\u0441\u043a\u043e\u044f\u0437\u044b\u0447\u043d\u0443\u044e \u0447\u0430\u0441\u0442\u044c, \u043e \u0441\u0438\u0442\u0443\u0430\u0446\u0438\u0438 \u0441 \u0441\u043e\u0431\u043b\u044e\u0434\u0435\u043d\u0438\u0435\u043c \u043f\u0440\u0430\u0432 \u0447\u0435\u043b\u043e\u0432\u0435\u043a\u0430 \u0432 \u0420\u043e\u0441\u0441\u0438\u0438; \u0430 \u0440\u043e\u0441\u0441\u0438\u044f\u043d - \u043e \u0441\u0438\u0442\u0443\u0430\u0446\u0438\u0438 \u0432 \u044d\u0442\u043e\u0439 \u043e\u0431\u043b\u0430\u0441\u0442\u0438 \u0432 \u0413\u0435\u0440\u043c\u0430\u043d\u0438\u0438. \u0420\u0435\u0430\u043b\u0438\u0437\u0443\u0435\u0442\u0441\u044f \u043f\u0440\u0438 \u0443\u0447\u0430\u0441\u0442\u0438\u0438 \u0440\u043e\u0441\u0441\u0438\u0439\u0441\u043a\u043e\u0433\u043e \u043f\u0440\u0430\u0432\u043e\u0437\u0430\u0449\u0438\u0442\u043d\u043e\u0433\u043e \u0446\u0435\u043d\u0442\u0440\u0430 \u201c\u041c\u0435\u043c\u043e\u0440\u0438\u0430\u043b\u201d \u0438 \u0424\u043e\u0440\u0443\u043c\u0430 \u0440\u0443\u0441\u0441\u043a\u043e\u044f\u0437\u044b\u0447\u043d\u044b\u0445 \u0435\u0432\u0440\u043e\u043f\u0435\u0439\u0446\u0435\u0432, \u0430 \u0442\u0430\u043a\u0436\u0435 \u043f\u0440\u0438 \u043f\u043e\u0434\u0434\u0435\u0440\u0436\u043a\u0435 \u0433\u0435\u0440\u043c\u0430\u043d\u0441\u043a\u043e\u0433\u043e \u041c\u0418\u0414\u0430.","sameAs":["https:\/\/www.human-rights-year.com"],"url":"https:\/\/www.human-rights-year.com\/de\/author\/humanrightsyear\/"}]}},"_links":{"self":[{"href":"https:\/\/www.human-rights-year.com\/de\/wp-json\/wp\/v2\/posts\/1371"}],"collection":[{"href":"https:\/\/www.human-rights-year.com\/de\/wp-json\/wp\/v2\/posts"}],"about":[{"href":"https:\/\/www.human-rights-year.com\/de\/wp-json\/wp\/v2\/types\/post"}],"author":[{"embeddable":true,"href":"https:\/\/www.human-rights-year.com\/de\/wp-json\/wp\/v2\/users\/1"}],"replies":[{"embeddable":true,"href":"https:\/\/www.human-rights-year.com\/de\/wp-json\/wp\/v2\/comments?post=1371"}],"version-history":[{"count":0,"href":"https:\/\/www.human-rights-year.com\/de\/wp-json\/wp\/v2\/posts\/1371\/revisions"}],"wp:featuredmedia":[{"embeddable":true,"href":"https:\/\/www.human-rights-year.com\/de\/wp-json\/wp\/v2\/media\/1374"}],"wp:attachment":[{"href":"https:\/\/www.human-rights-year.com\/de\/wp-json\/wp\/v2\/media?parent=1371"}],"wp:term":[{"taxonomy":"category","embeddable":true,"href":"https:\/\/www.human-rights-year.com\/de\/wp-json\/wp\/v2\/categories?post=1371"},{"taxonomy":"post_tag","embeddable":true,"href":"https:\/\/www.human-rights-year.com\/de\/wp-json\/wp\/v2\/tags?post=1371"}],"curies":[{"name":"wp","href":"https:\/\/api.w.org\/{rel}","templated":true}]}}