{"id":1329,"date":"2019-09-22T10:04:41","date_gmt":"2019-09-22T08:04:41","guid":{"rendered":"https:\/\/www.human-rights-year.com\/?p=1329"},"modified":"2019-09-24T12:32:09","modified_gmt":"2019-09-24T10:32:09","slug":"diebe-und-banditen-interessieren-niemanden-mehr","status":"publish","type":"post","link":"https:\/\/www.human-rights-year.com\/de\/2019\/09\/22\/diebe-und-banditen-interessieren-niemanden-mehr\/","title":{"rendered":"Diebe und Banditen interessieren niemanden mehr"},"content":{"rendered":"<p>Man schreibt, dass auf dem Bahnhof in\u00a0Brjansk zwei Offiziere der speziellen Kommunikation mit Kopfsch\u00fcssen erschossen wurden. Wenn es\u00a0stimmt, dann ist es\u00a0sehr ernst. Spezielle Kommunikation? Haben sie Dokumente transportiert? Oder etwas anderes? An\u00a0so\u00a0etwas kann sich hier niemand erinnern, das ist ein Notfall.<\/p>\n<p>Und noch etwas m\u00f6chte ich dazu sagen: W\u00e4hrend\u00a084 Ermittler in\u00a0besonders wichtigen F\u00e4llen einen Fall untersuchen, der nicht h\u00e4tte passieren k\u00f6nnen: \u00abFall der Unruhen\u00bb, jagen andere Ermittler, FSB, die Staatsanwaltschaft und alle Mitarbeiter aller m\u00f6glichen Beh\u00f6rden nur die Anti-Korruptions-Stiftung. Dabei wurden beispielsweise im\u00a0Jahr 2018 mehr als\u00a060% der Diebst\u00e4hle nicht aufgedeckt.<\/p>\n<p>Das sind ungef\u00e4hr eine halbe Million F\u00e4lle. Dies ist ein katastrophaler Zustand. Der Kampf gegen den Drogenschmuggel wurde eingestellt\u00a0\u2014 insgesamt nur 123 Menschen wurden verurteilt, daf\u00fcr aber fast 100.000 Personen wurden generell aufgrund von \u00abDrogenartikeln\u00bb verurteilt.<\/p>\n<p>Gestern hat ein Polizist auf dem Ryazansky Prospect zwei andere Polizisten erschossen. Und heute wurden zwei spezielle Kommunikationsoffiziere get\u00f6tet, die etwas sehr Wertvolles bei sich hatten. Und warum? Weil alle sehr besch\u00e4ftigt sind. Jeder f\u00e4ngt Andersdenkende und Leute, die wie Andersdenkende aussehen oder einfach an\u00a0den Andersdenkenden vorbeigekommen sind. Das ist so\u00a0ein riesiges Verbrechen.<\/p>\n<p>Diebe und Banditen interessieren niemanden mehr. Au\u00dferdem sind sie \u00absozial nah\u00bb.<\/p>\n<p>&nbsp;<\/p>\n<p><a href=\"https:\/\/www.facebook.com\/Ooo.Romanova\/posts\/2755565411144348\" target=\"_blank\" rel=\"noopener noreferrer\">Quelle<\/a><\/p>\n<p>Illustration (CC) <a href=\"https:\/\/www.flickr.com\/photos\/chris861cd-xop512\/9118713042\/\" target=\"_blank\" rel=\"noopener noreferrer\">Chris 861<\/a><\/p>\n","protected":false},"excerpt":{"rendered":"<p>Man schreibt, dass auf dem Bahnhof in\u00a0Brjansk zwei Offiziere der speziellen Kommunikation mit Kopfsch\u00fcssen erschossen wurden. Wenn es\u00a0stimmt, dann ist es\u00a0sehr ernst. Spezielle Kommunikation? Haben<\/p>\n","protected":false},"author":14,"featured_media":1264,"comment_status":"closed","ping_status":"open","sticky":false,"template":"","format":"standard","meta":[],"categories":[18],"tags":[],"yoast_head":"<!-- This site is optimized with the Yoast SEO plugin v19.4 - https:\/\/yoast.com\/wordpress\/plugins\/seo\/ -->\n<title>Diebe und Banditen interessieren niemanden mehr - Europ\u00e4ischer Menschenrechtsdialog<\/title>\n<meta name=\"description\" content=\"Man schreibt, dass auf dem Bahnhof in\u00a0Brjansk zwei Offiziere der speziellen Kommunikation mit Kopfsch\u00fcssen erschossen wurden. Wenn es\u00a0stimmt, dann ist es\u00a0sehr ernst. Spezielle Kommunikation? Haben sie Dokumente transportiert? Oder etwas anderes? An\u00a0so\u00a0etwas kann sich hier niemand erinnern, das ist ein Notfall.\" \/>\n<meta name=\"robots\" content=\"index, follow, max-snippet:-1, max-image-preview:large, max-video-preview:-1\" \/>\n<link rel=\"canonical\" href=\"https:\/\/www.human-rights-year.com\/de\/2019\/09\/22\/diebe-und-banditen-interessieren-niemanden-mehr\/\" \/>\n<meta property=\"og:locale\" content=\"de_DE\" \/>\n<meta property=\"og:type\" content=\"article\" \/>\n<meta property=\"og:title\" content=\"Diebe und Banditen interessieren niemanden mehr - Europ\u00e4ischer Menschenrechtsdialog\" \/>\n<meta property=\"og:description\" content=\"Man schreibt, dass auf dem Bahnhof in\u00a0Brjansk zwei Offiziere der speziellen Kommunikation mit Kopfsch\u00fcssen erschossen wurden. Wenn es\u00a0stimmt, dann ist es\u00a0sehr ernst. Spezielle Kommunikation? Haben sie Dokumente transportiert? Oder etwas anderes? An\u00a0so\u00a0etwas kann sich hier niemand erinnern, das ist ein Notfall.\" \/>\n<meta property=\"og:url\" content=\"https:\/\/www.human-rights-year.com\/de\/2019\/09\/22\/diebe-und-banditen-interessieren-niemanden-mehr\/\" \/>\n<meta property=\"og:site_name\" content=\"Europ\u00e4ischer Menschenrechtsdialog\" \/>\n<meta property=\"article:published_time\" content=\"2019-09-22T08:04:41+00:00\" \/>\n<meta property=\"article:modified_time\" content=\"2019-09-24T10:32:09+00:00\" \/>\n<meta property=\"og:image\" content=\"https:\/\/www.human-rights-year.com\/wp-content\/uploads\/2019\/09\/9118713042_33c6a37066_k.jpg\" \/>\n\t<meta property=\"og:image:width\" content=\"2048\" \/>\n\t<meta property=\"og:image:height\" content=\"1326\" \/>\n\t<meta property=\"og:image:type\" content=\"image\/jpeg\" \/>\n<meta name=\"author\" content=\"\u041e\u043b\u044c\u0433\u0430 \u0420\u043e\u043c\u0430\u043d\u043e\u0432\u0430\" \/>\n<meta name=\"twitter:card\" content=\"summary_large_image\" \/>\n<meta name=\"twitter:label1\" content=\"Verfasst von\" \/>\n\t<meta name=\"twitter:data1\" content=\"Olga Romanova\" \/>\n\t<meta name=\"twitter:label2\" content=\"Gesch\u00e4tzte Lesezeit\" \/>\n\t<meta name=\"twitter:data2\" content=\"1\u00a0Minute\" \/>\n<script type=\"application\/ld+json\" class=\"yoast-schema-graph\">{\"@context\":\"https:\/\/schema.org\",\"@graph\":[{\"@type\":\"WebSite\",\"@id\":\"https:\/\/www.human-rights-year.com\/#website\",\"url\":\"https:\/\/www.human-rights-year.com\/\",\"name\":\"\u0415\u0432\u0440\u043e\u043f\u0435\u0439\u0441\u043a\u0438\u0439 \u043f\u0440\u0430\u0432\u043e\u0437\u0430\u0449\u0438\u0442\u043d\u044b\u0439 \u0434\u0438\u0430\u043b\u043e\u0433\",\"description\":\" \",\"potentialAction\":[{\"@type\":\"SearchAction\",\"target\":{\"@type\":\"EntryPoint\",\"urlTemplate\":\"https:\/\/www.human-rights-year.com\/?s={search_term_string}\"},\"query-input\":\"required name=search_term_string\"}],\"inLanguage\":\"de\"},{\"@type\":\"WebPage\",\"@id\":\"https:\/\/www.human-rights-year.com\/de\/2019\/09\/22\/diebe-und-banditen-interessieren-niemanden-mehr\/\",\"url\":\"https:\/\/www.human-rights-year.com\/de\/2019\/09\/22\/diebe-und-banditen-interessieren-niemanden-mehr\/\",\"name\":\"Diebe und Banditen interessieren niemanden mehr - Europ\u00e4ischer Menschenrechtsdialog\",\"isPartOf\":{\"@id\":\"https:\/\/www.human-rights-year.com\/#website\"},\"datePublished\":\"2019-09-22T08:04:41+00:00\",\"dateModified\":\"2019-09-24T10:32:09+00:00\",\"author\":{\"@id\":\"https:\/\/www.human-rights-year.com\/#\/schema\/person\/2eddfadbe7aff4d1800d65627342dd4d\"},\"description\":\"Man schreibt, dass auf dem Bahnhof in\u00a0Brjansk zwei Offiziere der speziellen Kommunikation mit Kopfsch\u00fcssen erschossen wurden. Wenn es\u00a0stimmt, dann ist es\u00a0sehr ernst. Spezielle Kommunikation? Haben sie Dokumente transportiert? Oder etwas anderes? An\u00a0so\u00a0etwas kann sich hier niemand erinnern, das ist ein Notfall.\",\"breadcrumb\":{\"@id\":\"https:\/\/www.human-rights-year.com\/de\/2019\/09\/22\/diebe-und-banditen-interessieren-niemanden-mehr\/#breadcrumb\"},\"inLanguage\":\"de\",\"potentialAction\":[{\"@type\":\"ReadAction\",\"target\":[\"https:\/\/www.human-rights-year.com\/de\/2019\/09\/22\/diebe-und-banditen-interessieren-niemanden-mehr\/\"]}]},{\"@type\":\"BreadcrumbList\",\"@id\":\"https:\/\/www.human-rights-year.com\/de\/2019\/09\/22\/diebe-und-banditen-interessieren-niemanden-mehr\/#breadcrumb\",\"itemListElement\":[{\"@type\":\"ListItem\",\"position\":1,\"name\":\"\u0413\u043b\u0430\u0432\u043d\u0430\u044f \u0441\u0442\u0440\u0430\u043d\u0438\u0446\u0430\",\"item\":\"https:\/\/www.human-rights-year.com\/de\/\"},{\"@type\":\"ListItem\",\"position\":2,\"name\":\"Diebe und Banditen interessieren niemanden mehr\"}]},{\"@type\":\"Person\",\"@id\":\"https:\/\/www.human-rights-year.com\/#\/schema\/person\/2eddfadbe7aff4d1800d65627342dd4d\",\"name\":\"\u041e\u043b\u044c\u0433\u0430 \u0420\u043e\u043c\u0430\u043d\u043e\u0432\u0430\",\"image\":{\"@type\":\"ImageObject\",\"inLanguage\":\"de\",\"@id\":\"https:\/\/www.human-rights-year.com\/#\/schema\/person\/image\/\",\"url\":\"https:\/\/secure.gravatar.com\/avatar\/fae1d5ca3fc3606c16b2f729e0fbe6a6?s=96&d=mm&r=g\",\"contentUrl\":\"https:\/\/secure.gravatar.com\/avatar\/fae1d5ca3fc3606c16b2f729e0fbe6a6?s=96&d=mm&r=g\",\"caption\":\"\u041e\u043b\u044c\u0433\u0430 \u0420\u043e\u043c\u0430\u043d\u043e\u0432\u0430\"},\"description\":\"\u041f\u0440\u043e\u0435\u043a\u0442 \u0411\u043b\u0430\u0433\u043e\u0442\u0432\u043e\u0440\u0438\u0442\u0435\u043b\u044c\u043d\u043e\u0433\u043e \u0444\u043e\u043d\u0434\u0430 \u043f\u043e\u043c\u043e\u0449\u0438 \u043e\u0441\u0443\u0436\u0434\u0435\u043d\u043d\u044b\u043c \u0438 \u0438\u0445 \u0441\u0435\u043c\u044c\u044f\u043c \u00ab\u0420\u0443\u0441\u044c \u0441\u0438\u0434\u044f\u0449\u0430\u044f\u00bb\",\"url\":\"https:\/\/www.human-rights-year.com\/de\/author\/o-romanova\/\"}]}<\/script>\n<!-- \/ Yoast SEO plugin. -->","yoast_head_json":{"title":"Diebe und Banditen interessieren niemanden mehr - Europ\u00e4ischer Menschenrechtsdialog","description":"Man schreibt, dass auf dem Bahnhof in\u00a0Brjansk zwei Offiziere der speziellen Kommunikation mit Kopfsch\u00fcssen erschossen wurden. Wenn es\u00a0stimmt, dann ist es\u00a0sehr ernst. Spezielle Kommunikation? Haben sie Dokumente transportiert? Oder etwas anderes? An\u00a0so\u00a0etwas kann sich hier niemand erinnern, das ist ein Notfall.","robots":{"index":"index","follow":"follow","max-snippet":"max-snippet:-1","max-image-preview":"max-image-preview:large","max-video-preview":"max-video-preview:-1"},"canonical":"https:\/\/www.human-rights-year.com\/de\/2019\/09\/22\/diebe-und-banditen-interessieren-niemanden-mehr\/","og_locale":"de_DE","og_type":"article","og_title":"Diebe und Banditen interessieren niemanden mehr - Europ\u00e4ischer Menschenrechtsdialog","og_description":"Man schreibt, dass auf dem Bahnhof in\u00a0Brjansk zwei Offiziere der speziellen Kommunikation mit Kopfsch\u00fcssen erschossen wurden. Wenn es\u00a0stimmt, dann ist es\u00a0sehr ernst. Spezielle Kommunikation? Haben sie Dokumente transportiert? Oder etwas anderes? An\u00a0so\u00a0etwas kann sich hier niemand erinnern, das ist ein Notfall.","og_url":"https:\/\/www.human-rights-year.com\/de\/2019\/09\/22\/diebe-und-banditen-interessieren-niemanden-mehr\/","og_site_name":"Europ\u00e4ischer Menschenrechtsdialog","article_published_time":"2019-09-22T08:04:41+00:00","article_modified_time":"2019-09-24T10:32:09+00:00","og_image":[{"width":2048,"height":1326,"url":"https:\/\/www.human-rights-year.com\/wp-content\/uploads\/2019\/09\/9118713042_33c6a37066_k.jpg","type":"image\/jpeg"}],"author":"\u041e\u043b\u044c\u0433\u0430 \u0420\u043e\u043c\u0430\u043d\u043e\u0432\u0430","twitter_card":"summary_large_image","twitter_misc":{"Verfasst von":"Olga Romanova","Gesch\u00e4tzte Lesezeit":"1\u00a0Minute"},"schema":{"@context":"https:\/\/schema.org","@graph":[{"@type":"WebSite","@id":"https:\/\/www.human-rights-year.com\/#website","url":"https:\/\/www.human-rights-year.com\/","name":"\u0415\u0432\u0440\u043e\u043f\u0435\u0439\u0441\u043a\u0438\u0439 \u043f\u0440\u0430\u0432\u043e\u0437\u0430\u0449\u0438\u0442\u043d\u044b\u0439 \u0434\u0438\u0430\u043b\u043e\u0433","description":" ","potentialAction":[{"@type":"SearchAction","target":{"@type":"EntryPoint","urlTemplate":"https:\/\/www.human-rights-year.com\/?s={search_term_string}"},"query-input":"required name=search_term_string"}],"inLanguage":"de"},{"@type":"WebPage","@id":"https:\/\/www.human-rights-year.com\/de\/2019\/09\/22\/diebe-und-banditen-interessieren-niemanden-mehr\/","url":"https:\/\/www.human-rights-year.com\/de\/2019\/09\/22\/diebe-und-banditen-interessieren-niemanden-mehr\/","name":"Diebe und Banditen interessieren niemanden mehr - Europ\u00e4ischer Menschenrechtsdialog","isPartOf":{"@id":"https:\/\/www.human-rights-year.com\/#website"},"datePublished":"2019-09-22T08:04:41+00:00","dateModified":"2019-09-24T10:32:09+00:00","author":{"@id":"https:\/\/www.human-rights-year.com\/#\/schema\/person\/2eddfadbe7aff4d1800d65627342dd4d"},"description":"Man schreibt, dass auf dem Bahnhof in\u00a0Brjansk zwei Offiziere der speziellen Kommunikation mit Kopfsch\u00fcssen erschossen wurden. Wenn es\u00a0stimmt, dann ist es\u00a0sehr ernst. Spezielle Kommunikation? Haben sie Dokumente transportiert? Oder etwas anderes? An\u00a0so\u00a0etwas kann sich hier niemand erinnern, das ist ein Notfall.","breadcrumb":{"@id":"https:\/\/www.human-rights-year.com\/de\/2019\/09\/22\/diebe-und-banditen-interessieren-niemanden-mehr\/#breadcrumb"},"inLanguage":"de","potentialAction":[{"@type":"ReadAction","target":["https:\/\/www.human-rights-year.com\/de\/2019\/09\/22\/diebe-und-banditen-interessieren-niemanden-mehr\/"]}]},{"@type":"BreadcrumbList","@id":"https:\/\/www.human-rights-year.com\/de\/2019\/09\/22\/diebe-und-banditen-interessieren-niemanden-mehr\/#breadcrumb","itemListElement":[{"@type":"ListItem","position":1,"name":"\u0413\u043b\u0430\u0432\u043d\u0430\u044f \u0441\u0442\u0440\u0430\u043d\u0438\u0446\u0430","item":"https:\/\/www.human-rights-year.com\/de\/"},{"@type":"ListItem","position":2,"name":"Diebe und Banditen interessieren niemanden mehr"}]},{"@type":"Person","@id":"https:\/\/www.human-rights-year.com\/#\/schema\/person\/2eddfadbe7aff4d1800d65627342dd4d","name":"\u041e\u043b\u044c\u0433\u0430 \u0420\u043e\u043c\u0430\u043d\u043e\u0432\u0430","image":{"@type":"ImageObject","inLanguage":"de","@id":"https:\/\/www.human-rights-year.com\/#\/schema\/person\/image\/","url":"https:\/\/secure.gravatar.com\/avatar\/fae1d5ca3fc3606c16b2f729e0fbe6a6?s=96&d=mm&r=g","contentUrl":"https:\/\/secure.gravatar.com\/avatar\/fae1d5ca3fc3606c16b2f729e0fbe6a6?s=96&d=mm&r=g","caption":"\u041e\u043b\u044c\u0433\u0430 \u0420\u043e\u043c\u0430\u043d\u043e\u0432\u0430"},"description":"\u041f\u0440\u043e\u0435\u043a\u0442 \u0411\u043b\u0430\u0433\u043e\u0442\u0432\u043e\u0440\u0438\u0442\u0435\u043b\u044c\u043d\u043e\u0433\u043e \u0444\u043e\u043d\u0434\u0430 \u043f\u043e\u043c\u043e\u0449\u0438 \u043e\u0441\u0443\u0436\u0434\u0435\u043d\u043d\u044b\u043c \u0438 \u0438\u0445 \u0441\u0435\u043c\u044c\u044f\u043c \u00ab\u0420\u0443\u0441\u044c \u0441\u0438\u0434\u044f\u0449\u0430\u044f\u00bb","url":"https:\/\/www.human-rights-year.com\/de\/author\/o-romanova\/"}]}},"_links":{"self":[{"href":"https:\/\/www.human-rights-year.com\/de\/wp-json\/wp\/v2\/posts\/1329"}],"collection":[{"href":"https:\/\/www.human-rights-year.com\/de\/wp-json\/wp\/v2\/posts"}],"about":[{"href":"https:\/\/www.human-rights-year.com\/de\/wp-json\/wp\/v2\/types\/post"}],"author":[{"embeddable":true,"href":"https:\/\/www.human-rights-year.com\/de\/wp-json\/wp\/v2\/users\/14"}],"replies":[{"embeddable":true,"href":"https:\/\/www.human-rights-year.com\/de\/wp-json\/wp\/v2\/comments?post=1329"}],"version-history":[{"count":0,"href":"https:\/\/www.human-rights-year.com\/de\/wp-json\/wp\/v2\/posts\/1329\/revisions"}],"wp:featuredmedia":[{"embeddable":true,"href":"https:\/\/www.human-rights-year.com\/de\/wp-json\/wp\/v2\/media\/1264"}],"wp:attachment":[{"href":"https:\/\/www.human-rights-year.com\/de\/wp-json\/wp\/v2\/media?parent=1329"}],"wp:term":[{"taxonomy":"category","embeddable":true,"href":"https:\/\/www.human-rights-year.com\/de\/wp-json\/wp\/v2\/categories?post=1329"},{"taxonomy":"post_tag","embeddable":true,"href":"https:\/\/www.human-rights-year.com\/de\/wp-json\/wp\/v2\/tags?post=1329"}],"curies":[{"name":"wp","href":"https:\/\/api.w.org\/{rel}","templated":true}]}}