{"id":1318,"date":"2019-09-20T14:45:12","date_gmt":"2019-09-20T12:45:12","guid":{"rendered":"https:\/\/www.human-rights-year.com\/?p=1318"},"modified":"2019-09-24T10:29:19","modified_gmt":"2019-09-24T08:29:19","slug":"ein-schueler-aus-kolpino-wurde-von-der-polizei-wegen-des-verdachts-des-ladendiebstahls-brutal-geschlagen","status":"publish","type":"post","link":"https:\/\/www.human-rights-year.com\/de\/2019\/09\/20\/ein-schueler-aus-kolpino-wurde-von-der-polizei-wegen-des-verdachts-des-ladendiebstahls-brutal-geschlagen\/","title":{"rendered":"Ein Sch\u00fcler aus Kolpino wurde von der Polizei wegen des Verdachts des Ladendiebstahls brutal geschlagen"},"content":{"rendered":"<p>Die Untersuchungskommission er\u00f6ffnete ein Strafverfahren gegen Mitarbeiter der Polizeidienststelle Nr.\u00a080\u00a0in\u00a0Kolpino, in\u00a0dem sie Ende Mai einen 17-j\u00e4hrigen Sch\u00fcler Vadim Koval verpr\u00fcgelten und mit Vergewaltigung drohten. Der Jugendliche wurde wegen Verdachts auf geringf\u00fcgigen Diebstahl aus einem Gesch\u00e4ft inhaftiert.<\/p>\n<p>In\u00a0einem ausf\u00fchrlichen Brief berichtete der Sch\u00fcler, was ihm nach seiner Festnahme auf der Polizeiwache widerfahren war. Er\u00a0wurde mit Handschellen gefesselt und wiederholt in\u00a0den Bauch und ins Gesicht getreten. Er\u00a0wurde auch mit Vergewaltigung bedroht. Laut Koval wusste die Polizei, dass er\u00a0minderj\u00e4hrig war.<\/p>\n<p><a href=\"https:\/\/zona.media\/article\/2019\/07\/01\/kolpino?fbclid=IwAR1bLembmK5O1uQ50lioTnuK6u7ILj9IJqJJXIuWbycWBx8eNB2Ap2l1kSQ\" target=\"_blank\" rel=\"noopener noreferrer\">Quelle<\/a><br \/>\nIllustration (CC) <a href=\"https:\/\/www.flickr.com\/photos\/faketalesofsanfrancisco\/7154531073\/\" target=\"_blank\" rel=\"noopener noreferrer\">Lionel Ruiz<\/a><\/p>\n","protected":false},"excerpt":{"rendered":"<p>Die Untersuchungskommission er\u00f6ffnete ein Strafverfahren gegen Mitarbeiter der Polizeidienststelle Nr.\u00a080\u00a0in\u00a0Kolpino, in\u00a0dem sie Ende Mai einen 17-j\u00e4hrigen Sch\u00fcler Vadim Koval verpr\u00fcgelten und mit Vergewaltigung drohten. Der<\/p>\n","protected":false},"author":1,"featured_media":1256,"comment_status":"closed","ping_status":"open","sticky":false,"template":"","format":"standard","meta":[],"categories":[20,12],"tags":[],"yoast_head":"<!-- This site is optimized with the Yoast SEO plugin v19.4 - https:\/\/yoast.com\/wordpress\/plugins\/seo\/ -->\n<title>Ein Sch\u00fcler aus Kolpino wurde von der Polizei wegen des Verdachts des Ladendiebstahls brutal geschlagen - Europ\u00e4ischer Menschenrechtsdialog<\/title>\n<meta name=\"description\" content=\"Die Untersuchungskommission er\u00f6ffnete ein Strafverfahren gegen Mitarbeiter der Polizeidienststelle Nr.\u00a080\u00a0in\u00a0Kolpino, in\u00a0dem sie Ende Mai einen 17-j\u00e4hrigen Sch\u00fcler Vadim Koval verpr\u00fcgelten und mit Vergewaltigung drohten. Der Jugendliche wurde wegen Verdachts auf geringf\u00fcgigen Diebstahl aus einem Gesch\u00e4ft inhaftiert.\" \/>\n<meta name=\"robots\" content=\"index, follow, max-snippet:-1, max-image-preview:large, max-video-preview:-1\" \/>\n<link rel=\"canonical\" href=\"https:\/\/www.human-rights-year.com\/de\/2019\/09\/20\/ein-schueler-aus-kolpino-wurde-von-der-polizei-wegen-des-verdachts-des-ladendiebstahls-brutal-geschlagen\/\" \/>\n<meta property=\"og:locale\" content=\"de_DE\" \/>\n<meta property=\"og:type\" content=\"article\" \/>\n<meta property=\"og:title\" content=\"Ein Sch\u00fcler aus Kolpino wurde von der Polizei wegen des Verdachts des Ladendiebstahls brutal geschlagen - Europ\u00e4ischer Menschenrechtsdialog\" \/>\n<meta property=\"og:description\" content=\"Die Untersuchungskommission er\u00f6ffnete ein Strafverfahren gegen Mitarbeiter der Polizeidienststelle Nr.\u00a080\u00a0in\u00a0Kolpino, in\u00a0dem sie Ende Mai einen 17-j\u00e4hrigen Sch\u00fcler Vadim Koval verpr\u00fcgelten und mit Vergewaltigung drohten. Der Jugendliche wurde wegen Verdachts auf geringf\u00fcgigen Diebstahl aus einem Gesch\u00e4ft inhaftiert.\" \/>\n<meta property=\"og:url\" content=\"https:\/\/www.human-rights-year.com\/de\/2019\/09\/20\/ein-schueler-aus-kolpino-wurde-von-der-polizei-wegen-des-verdachts-des-ladendiebstahls-brutal-geschlagen\/\" \/>\n<meta property=\"og:site_name\" content=\"Europ\u00e4ischer Menschenrechtsdialog\" \/>\n<meta property=\"article:published_time\" content=\"2019-09-20T12:45:12+00:00\" \/>\n<meta property=\"article:modified_time\" content=\"2019-09-24T08:29:19+00:00\" \/>\n<meta property=\"og:image\" content=\"https:\/\/www.human-rights-year.com\/wp-content\/uploads\/2019\/09\/7154531073_76596b03e5_k.jpg\" \/>\n\t<meta property=\"og:image:width\" content=\"2048\" \/>\n\t<meta property=\"og:image:height\" content=\"1365\" \/>\n\t<meta property=\"og:image:type\" content=\"image\/jpeg\" \/>\n<meta name=\"author\" content=\"Human Rights Year\" \/>\n<meta name=\"twitter:card\" content=\"summary_large_image\" \/>\n<meta name=\"twitter:label1\" content=\"Verfasst von\" \/>\n\t<meta name=\"twitter:data1\" content=\"Human Rights Year\" \/>\n<script type=\"application\/ld+json\" class=\"yoast-schema-graph\">{\"@context\":\"https:\/\/schema.org\",\"@graph\":[{\"@type\":\"WebSite\",\"@id\":\"https:\/\/www.human-rights-year.com\/#website\",\"url\":\"https:\/\/www.human-rights-year.com\/\",\"name\":\"\u0415\u0432\u0440\u043e\u043f\u0435\u0439\u0441\u043a\u0438\u0439 \u043f\u0440\u0430\u0432\u043e\u0437\u0430\u0449\u0438\u0442\u043d\u044b\u0439 \u0434\u0438\u0430\u043b\u043e\u0433\",\"description\":\" \",\"potentialAction\":[{\"@type\":\"SearchAction\",\"target\":{\"@type\":\"EntryPoint\",\"urlTemplate\":\"https:\/\/www.human-rights-year.com\/?s={search_term_string}\"},\"query-input\":\"required name=search_term_string\"}],\"inLanguage\":\"de\"},{\"@type\":\"WebPage\",\"@id\":\"https:\/\/www.human-rights-year.com\/de\/2019\/09\/20\/ein-schueler-aus-kolpino-wurde-von-der-polizei-wegen-des-verdachts-des-ladendiebstahls-brutal-geschlagen\/\",\"url\":\"https:\/\/www.human-rights-year.com\/de\/2019\/09\/20\/ein-schueler-aus-kolpino-wurde-von-der-polizei-wegen-des-verdachts-des-ladendiebstahls-brutal-geschlagen\/\",\"name\":\"Ein Sch\u00fcler aus Kolpino wurde von der Polizei wegen des Verdachts des Ladendiebstahls brutal geschlagen - Europ\u00e4ischer Menschenrechtsdialog\",\"isPartOf\":{\"@id\":\"https:\/\/www.human-rights-year.com\/#website\"},\"datePublished\":\"2019-09-20T12:45:12+00:00\",\"dateModified\":\"2019-09-24T08:29:19+00:00\",\"author\":{\"@id\":\"https:\/\/www.human-rights-year.com\/#\/schema\/person\/54d85daa1545786aba6f5320df79bb4c\"},\"description\":\"Die Untersuchungskommission er\u00f6ffnete ein Strafverfahren gegen Mitarbeiter der Polizeidienststelle Nr.\u00a080\u00a0in\u00a0Kolpino, in\u00a0dem sie Ende Mai einen 17-j\u00e4hrigen Sch\u00fcler Vadim Koval verpr\u00fcgelten und mit Vergewaltigung drohten. Der Jugendliche wurde wegen Verdachts auf geringf\u00fcgigen Diebstahl aus einem Gesch\u00e4ft inhaftiert.\",\"breadcrumb\":{\"@id\":\"https:\/\/www.human-rights-year.com\/de\/2019\/09\/20\/ein-schueler-aus-kolpino-wurde-von-der-polizei-wegen-des-verdachts-des-ladendiebstahls-brutal-geschlagen\/#breadcrumb\"},\"inLanguage\":\"de\",\"potentialAction\":[{\"@type\":\"ReadAction\",\"target\":[\"https:\/\/www.human-rights-year.com\/de\/2019\/09\/20\/ein-schueler-aus-kolpino-wurde-von-der-polizei-wegen-des-verdachts-des-ladendiebstahls-brutal-geschlagen\/\"]}]},{\"@type\":\"BreadcrumbList\",\"@id\":\"https:\/\/www.human-rights-year.com\/de\/2019\/09\/20\/ein-schueler-aus-kolpino-wurde-von-der-polizei-wegen-des-verdachts-des-ladendiebstahls-brutal-geschlagen\/#breadcrumb\",\"itemListElement\":[{\"@type\":\"ListItem\",\"position\":1,\"name\":\"\u0413\u043b\u0430\u0432\u043d\u0430\u044f \u0441\u0442\u0440\u0430\u043d\u0438\u0446\u0430\",\"item\":\"https:\/\/www.human-rights-year.com\/de\/\"},{\"@type\":\"ListItem\",\"position\":2,\"name\":\"Ein Sch\u00fcler aus Kolpino wurde von der Polizei wegen des Verdachts des Ladendiebstahls brutal geschlagen\"}]},{\"@type\":\"Person\",\"@id\":\"https:\/\/www.human-rights-year.com\/#\/schema\/person\/54d85daa1545786aba6f5320df79bb4c\",\"name\":\"Human Rights Year\",\"image\":{\"@type\":\"ImageObject\",\"inLanguage\":\"de\",\"@id\":\"https:\/\/www.human-rights-year.com\/#\/schema\/person\/image\/\",\"url\":\"https:\/\/secure.gravatar.com\/avatar\/685b0e722b7b569d9169f933abfd5f26?s=96&d=mm&r=g\",\"contentUrl\":\"https:\/\/secure.gravatar.com\/avatar\/685b0e722b7b569d9169f933abfd5f26?s=96&d=mm&r=g\",\"caption\":\"Human Rights Year\"},\"description\":\"\u041d\u0435\u043c\u0435\u0446\u043a\u043e - \u0440\u043e\u0441\u0441\u0438\u0439\u0441\u043a\u0438\u0439 \u0433\u043e\u0434 \u043f\u0440\u0430\u0432 \u0447\u0435\u043b\u043e\u0432\u0435\u043a\u0430 \u041f\u0440\u043e\u0435\u043a\u0442 \u0438\u043d\u0444\u043e\u0440\u043c\u0438\u0440\u0443\u0435\u0442 \u043d\u0435\u043c\u0435\u0446\u043a\u043e\u0435 \u043e\u0431\u0449\u0435\u0441\u0442\u0432\u043e,\u00a0 \u0432 \u0442\u043e\u043c \u0447\u0438\u0441\u043b\u0435 \u0435\u0433\u043e \u0440\u0443\u0441\u0441\u043a\u043e\u044f\u0437\u044b\u0447\u043d\u0443\u044e \u0447\u0430\u0441\u0442\u044c, \u043e \u0441\u0438\u0442\u0443\u0430\u0446\u0438\u0438 \u0441 \u0441\u043e\u0431\u043b\u044e\u0434\u0435\u043d\u0438\u0435\u043c \u043f\u0440\u0430\u0432 \u0447\u0435\u043b\u043e\u0432\u0435\u043a\u0430 \u0432 \u0420\u043e\u0441\u0441\u0438\u0438; \u0430 \u0440\u043e\u0441\u0441\u0438\u044f\u043d - \u043e \u0441\u0438\u0442\u0443\u0430\u0446\u0438\u0438 \u0432 \u044d\u0442\u043e\u0439 \u043e\u0431\u043b\u0430\u0441\u0442\u0438 \u0432 \u0413\u0435\u0440\u043c\u0430\u043d\u0438\u0438. \u0420\u0435\u0430\u043b\u0438\u0437\u0443\u0435\u0442\u0441\u044f \u043f\u0440\u0438 \u0443\u0447\u0430\u0441\u0442\u0438\u0438 \u0440\u043e\u0441\u0441\u0438\u0439\u0441\u043a\u043e\u0433\u043e \u043f\u0440\u0430\u0432\u043e\u0437\u0430\u0449\u0438\u0442\u043d\u043e\u0433\u043e \u0446\u0435\u043d\u0442\u0440\u0430 \u201c\u041c\u0435\u043c\u043e\u0440\u0438\u0430\u043b\u201d \u0438 \u0424\u043e\u0440\u0443\u043c\u0430 \u0440\u0443\u0441\u0441\u043a\u043e\u044f\u0437\u044b\u0447\u043d\u044b\u0445 \u0435\u0432\u0440\u043e\u043f\u0435\u0439\u0446\u0435\u0432, \u0430 \u0442\u0430\u043a\u0436\u0435 \u043f\u0440\u0438 \u043f\u043e\u0434\u0434\u0435\u0440\u0436\u043a\u0435 \u0433\u0435\u0440\u043c\u0430\u043d\u0441\u043a\u043e\u0433\u043e \u041c\u0418\u0414\u0430.\",\"sameAs\":[\"https:\/\/www.human-rights-year.com\"],\"url\":\"https:\/\/www.human-rights-year.com\/de\/author\/humanrightsyear\/\"}]}<\/script>\n<!-- \/ Yoast SEO plugin. -->","yoast_head_json":{"title":"Ein Sch\u00fcler aus Kolpino wurde von der Polizei wegen des Verdachts des Ladendiebstahls brutal geschlagen - Europ\u00e4ischer Menschenrechtsdialog","description":"Die Untersuchungskommission er\u00f6ffnete ein Strafverfahren gegen Mitarbeiter der Polizeidienststelle Nr.\u00a080\u00a0in\u00a0Kolpino, in\u00a0dem sie Ende Mai einen 17-j\u00e4hrigen Sch\u00fcler Vadim Koval verpr\u00fcgelten und mit Vergewaltigung drohten. Der Jugendliche wurde wegen Verdachts auf geringf\u00fcgigen Diebstahl aus einem Gesch\u00e4ft inhaftiert.","robots":{"index":"index","follow":"follow","max-snippet":"max-snippet:-1","max-image-preview":"max-image-preview:large","max-video-preview":"max-video-preview:-1"},"canonical":"https:\/\/www.human-rights-year.com\/de\/2019\/09\/20\/ein-schueler-aus-kolpino-wurde-von-der-polizei-wegen-des-verdachts-des-ladendiebstahls-brutal-geschlagen\/","og_locale":"de_DE","og_type":"article","og_title":"Ein Sch\u00fcler aus Kolpino wurde von der Polizei wegen des Verdachts des Ladendiebstahls brutal geschlagen - Europ\u00e4ischer Menschenrechtsdialog","og_description":"Die Untersuchungskommission er\u00f6ffnete ein Strafverfahren gegen Mitarbeiter der Polizeidienststelle Nr.\u00a080\u00a0in\u00a0Kolpino, in\u00a0dem sie Ende Mai einen 17-j\u00e4hrigen Sch\u00fcler Vadim Koval verpr\u00fcgelten und mit Vergewaltigung drohten. Der Jugendliche wurde wegen Verdachts auf geringf\u00fcgigen Diebstahl aus einem Gesch\u00e4ft inhaftiert.","og_url":"https:\/\/www.human-rights-year.com\/de\/2019\/09\/20\/ein-schueler-aus-kolpino-wurde-von-der-polizei-wegen-des-verdachts-des-ladendiebstahls-brutal-geschlagen\/","og_site_name":"Europ\u00e4ischer Menschenrechtsdialog","article_published_time":"2019-09-20T12:45:12+00:00","article_modified_time":"2019-09-24T08:29:19+00:00","og_image":[{"width":2048,"height":1365,"url":"https:\/\/www.human-rights-year.com\/wp-content\/uploads\/2019\/09\/7154531073_76596b03e5_k.jpg","type":"image\/jpeg"}],"author":"Human Rights Year","twitter_card":"summary_large_image","twitter_misc":{"Verfasst von":"Human Rights Year"},"schema":{"@context":"https:\/\/schema.org","@graph":[{"@type":"WebSite","@id":"https:\/\/www.human-rights-year.com\/#website","url":"https:\/\/www.human-rights-year.com\/","name":"\u0415\u0432\u0440\u043e\u043f\u0435\u0439\u0441\u043a\u0438\u0439 \u043f\u0440\u0430\u0432\u043e\u0437\u0430\u0449\u0438\u0442\u043d\u044b\u0439 \u0434\u0438\u0430\u043b\u043e\u0433","description":" ","potentialAction":[{"@type":"SearchAction","target":{"@type":"EntryPoint","urlTemplate":"https:\/\/www.human-rights-year.com\/?s={search_term_string}"},"query-input":"required name=search_term_string"}],"inLanguage":"de"},{"@type":"WebPage","@id":"https:\/\/www.human-rights-year.com\/de\/2019\/09\/20\/ein-schueler-aus-kolpino-wurde-von-der-polizei-wegen-des-verdachts-des-ladendiebstahls-brutal-geschlagen\/","url":"https:\/\/www.human-rights-year.com\/de\/2019\/09\/20\/ein-schueler-aus-kolpino-wurde-von-der-polizei-wegen-des-verdachts-des-ladendiebstahls-brutal-geschlagen\/","name":"Ein Sch\u00fcler aus Kolpino wurde von der Polizei wegen des Verdachts des Ladendiebstahls brutal geschlagen - Europ\u00e4ischer Menschenrechtsdialog","isPartOf":{"@id":"https:\/\/www.human-rights-year.com\/#website"},"datePublished":"2019-09-20T12:45:12+00:00","dateModified":"2019-09-24T08:29:19+00:00","author":{"@id":"https:\/\/www.human-rights-year.com\/#\/schema\/person\/54d85daa1545786aba6f5320df79bb4c"},"description":"Die Untersuchungskommission er\u00f6ffnete ein Strafverfahren gegen Mitarbeiter der Polizeidienststelle Nr.\u00a080\u00a0in\u00a0Kolpino, in\u00a0dem sie Ende Mai einen 17-j\u00e4hrigen Sch\u00fcler Vadim Koval verpr\u00fcgelten und mit Vergewaltigung drohten. Der Jugendliche wurde wegen Verdachts auf geringf\u00fcgigen Diebstahl aus einem Gesch\u00e4ft inhaftiert.","breadcrumb":{"@id":"https:\/\/www.human-rights-year.com\/de\/2019\/09\/20\/ein-schueler-aus-kolpino-wurde-von-der-polizei-wegen-des-verdachts-des-ladendiebstahls-brutal-geschlagen\/#breadcrumb"},"inLanguage":"de","potentialAction":[{"@type":"ReadAction","target":["https:\/\/www.human-rights-year.com\/de\/2019\/09\/20\/ein-schueler-aus-kolpino-wurde-von-der-polizei-wegen-des-verdachts-des-ladendiebstahls-brutal-geschlagen\/"]}]},{"@type":"BreadcrumbList","@id":"https:\/\/www.human-rights-year.com\/de\/2019\/09\/20\/ein-schueler-aus-kolpino-wurde-von-der-polizei-wegen-des-verdachts-des-ladendiebstahls-brutal-geschlagen\/#breadcrumb","itemListElement":[{"@type":"ListItem","position":1,"name":"\u0413\u043b\u0430\u0432\u043d\u0430\u044f \u0441\u0442\u0440\u0430\u043d\u0438\u0446\u0430","item":"https:\/\/www.human-rights-year.com\/de\/"},{"@type":"ListItem","position":2,"name":"Ein Sch\u00fcler aus Kolpino wurde von der Polizei wegen des Verdachts des Ladendiebstahls brutal geschlagen"}]},{"@type":"Person","@id":"https:\/\/www.human-rights-year.com\/#\/schema\/person\/54d85daa1545786aba6f5320df79bb4c","name":"Human Rights Year","image":{"@type":"ImageObject","inLanguage":"de","@id":"https:\/\/www.human-rights-year.com\/#\/schema\/person\/image\/","url":"https:\/\/secure.gravatar.com\/avatar\/685b0e722b7b569d9169f933abfd5f26?s=96&d=mm&r=g","contentUrl":"https:\/\/secure.gravatar.com\/avatar\/685b0e722b7b569d9169f933abfd5f26?s=96&d=mm&r=g","caption":"Human Rights Year"},"description":"\u041d\u0435\u043c\u0435\u0446\u043a\u043e - \u0440\u043e\u0441\u0441\u0438\u0439\u0441\u043a\u0438\u0439 \u0433\u043e\u0434 \u043f\u0440\u0430\u0432 \u0447\u0435\u043b\u043e\u0432\u0435\u043a\u0430 \u041f\u0440\u043e\u0435\u043a\u0442 \u0438\u043d\u0444\u043e\u0440\u043c\u0438\u0440\u0443\u0435\u0442 \u043d\u0435\u043c\u0435\u0446\u043a\u043e\u0435 \u043e\u0431\u0449\u0435\u0441\u0442\u0432\u043e,\u00a0 \u0432 \u0442\u043e\u043c \u0447\u0438\u0441\u043b\u0435 \u0435\u0433\u043e \u0440\u0443\u0441\u0441\u043a\u043e\u044f\u0437\u044b\u0447\u043d\u0443\u044e \u0447\u0430\u0441\u0442\u044c, \u043e \u0441\u0438\u0442\u0443\u0430\u0446\u0438\u0438 \u0441 \u0441\u043e\u0431\u043b\u044e\u0434\u0435\u043d\u0438\u0435\u043c \u043f\u0440\u0430\u0432 \u0447\u0435\u043b\u043e\u0432\u0435\u043a\u0430 \u0432 \u0420\u043e\u0441\u0441\u0438\u0438; \u0430 \u0440\u043e\u0441\u0441\u0438\u044f\u043d - \u043e \u0441\u0438\u0442\u0443\u0430\u0446\u0438\u0438 \u0432 \u044d\u0442\u043e\u0439 \u043e\u0431\u043b\u0430\u0441\u0442\u0438 \u0432 \u0413\u0435\u0440\u043c\u0430\u043d\u0438\u0438. \u0420\u0435\u0430\u043b\u0438\u0437\u0443\u0435\u0442\u0441\u044f \u043f\u0440\u0438 \u0443\u0447\u0430\u0441\u0442\u0438\u0438 \u0440\u043e\u0441\u0441\u0438\u0439\u0441\u043a\u043e\u0433\u043e \u043f\u0440\u0430\u0432\u043e\u0437\u0430\u0449\u0438\u0442\u043d\u043e\u0433\u043e \u0446\u0435\u043d\u0442\u0440\u0430 \u201c\u041c\u0435\u043c\u043e\u0440\u0438\u0430\u043b\u201d \u0438 \u0424\u043e\u0440\u0443\u043c\u0430 \u0440\u0443\u0441\u0441\u043a\u043e\u044f\u0437\u044b\u0447\u043d\u044b\u0445 \u0435\u0432\u0440\u043e\u043f\u0435\u0439\u0446\u0435\u0432, \u0430 \u0442\u0430\u043a\u0436\u0435 \u043f\u0440\u0438 \u043f\u043e\u0434\u0434\u0435\u0440\u0436\u043a\u0435 \u0433\u0435\u0440\u043c\u0430\u043d\u0441\u043a\u043e\u0433\u043e \u041c\u0418\u0414\u0430.","sameAs":["https:\/\/www.human-rights-year.com"],"url":"https:\/\/www.human-rights-year.com\/de\/author\/humanrightsyear\/"}]}},"_links":{"self":[{"href":"https:\/\/www.human-rights-year.com\/de\/wp-json\/wp\/v2\/posts\/1318"}],"collection":[{"href":"https:\/\/www.human-rights-year.com\/de\/wp-json\/wp\/v2\/posts"}],"about":[{"href":"https:\/\/www.human-rights-year.com\/de\/wp-json\/wp\/v2\/types\/post"}],"author":[{"embeddable":true,"href":"https:\/\/www.human-rights-year.com\/de\/wp-json\/wp\/v2\/users\/1"}],"replies":[{"embeddable":true,"href":"https:\/\/www.human-rights-year.com\/de\/wp-json\/wp\/v2\/comments?post=1318"}],"version-history":[{"count":0,"href":"https:\/\/www.human-rights-year.com\/de\/wp-json\/wp\/v2\/posts\/1318\/revisions"}],"wp:featuredmedia":[{"embeddable":true,"href":"https:\/\/www.human-rights-year.com\/de\/wp-json\/wp\/v2\/media\/1256"}],"wp:attachment":[{"href":"https:\/\/www.human-rights-year.com\/de\/wp-json\/wp\/v2\/media?parent=1318"}],"wp:term":[{"taxonomy":"category","embeddable":true,"href":"https:\/\/www.human-rights-year.com\/de\/wp-json\/wp\/v2\/categories?post=1318"},{"taxonomy":"post_tag","embeddable":true,"href":"https:\/\/www.human-rights-year.com\/de\/wp-json\/wp\/v2\/tags?post=1318"}],"curies":[{"name":"wp","href":"https:\/\/api.w.org\/{rel}","templated":true}]}}