{"id":1202,"date":"2019-09-19T12:06:33","date_gmt":"2019-09-19T10:06:33","guid":{"rendered":"https:\/\/www.human-rights-year.com\/?p=1202"},"modified":"2019-09-19T12:25:34","modified_gmt":"2019-09-19T10:25:34","slug":"herbert-groenemeyer-spricht-sich-gegen-rechts-aus","status":"publish","type":"post","link":"https:\/\/www.human-rights-year.com\/de\/2019\/09\/19\/herbert-groenemeyer-spricht-sich-gegen-rechts-aus\/","title":{"rendered":"Herbert Gr\u00f6nemeyer spricht sich gegen rechts aus"},"content":{"rendered":"<p>Der deutsche S\u00e4nger Herbert Gr\u00f6nemeyer hat bei einem Konzert in\u00a0Wien eine klare Ansage gemacht: \u00abIch glaube, es\u00a0muss uns klar sein, auch wenn Politiker schw\u00e4cheln (&#8230;) \u2014 und ich glaube, das ist in\u00a0\u00d6sterreich nicht anders als in\u00a0Deutschland\u00a0\u2014 dann liegt es\u00a0an\u00a0uns, zu\u00a0diktieren, wie eine Gesellschaft auszusehen hat. Und wer versucht, so\u00a0eine Situation der Unsicherheit zu\u00a0nutzen f\u00fcr rechtes Geschwafel, f\u00fcr Ausgrenzung, Rassismus und Hetze, der ist fehl am\u00a0Platze. Die Gesellschaft ist offen, humanistisch, bietet Menschen Schutz. Und wir m\u00fcssen diesen Menschen so\u00a0schnell wie m\u00f6glich und ganz ruhig den Spa\u00df daran austreiben. Keinen Millimeter nach rechts! Keinen einzigen Millimeter nach rechts! Und das ist so\u00a0und das bleibt\u00a0so!\u00bb<\/p>\n<p>Was man dazu wissen muss: Er\u00a0tat dies in\u00a0einer riesigen Halle (Musiker*innen, die relativ erfolgreich sind, spielen \u00f6fter mal in\u00a0gro\u00dfen Hallen) und er\u00a0schrie seine Aussage ins Mikrofon (eigentlich wie immer bei Herbert Gr\u00f6nemeyer). Au\u00dfenminister Heiko Mass empfahl das Video und gleichzeitig nutzten Rechtspopulist*innen die Art und Weise, wie Gr\u00f6nemeyer seine Aussage t\u00e4tigte und die Formulierung \u00abdiktieren\u00bb, um\u00a0den so\u00a0alten wie absurden Vorwurf rauszukramen: Antifaschisten seien eigentlich auch nur Faschisten. Gr\u00f6nemeyer wurde von einigen wenigen Rechtspopulisten mit dem Chef-Propagandisten der Nationalsozialisten, Joseph Goebbels verglichen.<\/p>\n<p>\u00abIst das euer Ernst?\u00bb fragt die Autorin von <a href=\"https:\/\/editionf.com\/\" target=\"_blank\" rel=\"noopener noreferrer\">Edition F<\/a>\u00a0Helen Hahne in\u00a0ihrer <a href=\"https:\/\/editionf.com\/herbert-groenemeyer-positioniert-sich-gegen-rechts-und-loest-damit-eine-kontroverse-debatte-aus-ist-das-euer-ernst\/\" target=\"_blank\" rel=\"noopener noreferrer\">Politik-Kolumne<\/a>.<\/p>\n<p>&nbsp;<\/p>\n<p>Illustration (CC) <a href=\"https:\/\/www.flickr.com\/photos\/u2005\/536885692\/\" target=\"_blank\" rel=\"noopener noreferrer\">Matthias Muehlbradt<\/a><\/p>\n","protected":false},"excerpt":{"rendered":"<p>Der deutsche S\u00e4nger Herbert Gr\u00f6nemeyer hat bei einem Konzert in\u00a0Wien eine klare Ansage gemacht: \u00abIch glaube, es\u00a0muss uns klar sein, auch wenn Politiker schw\u00e4cheln (&#8230;)<\/p>\n","protected":false},"author":1,"featured_media":1205,"comment_status":"closed","ping_status":"open","sticky":false,"template":"","format":"standard","meta":[],"categories":[15,12],"tags":[189,234],"yoast_head":"<!-- This site is optimized with the Yoast SEO plugin v19.4 - https:\/\/yoast.com\/wordpress\/plugins\/seo\/ -->\n<title>Herbert Gr\u00f6nemeyer spricht sich gegen rechts aus - Europ\u00e4ischer Menschenrechtsdialog<\/title>\n<meta name=\"description\" content=\"Der deutsche S\u00e4nger Herbert Gr\u00f6nemeyer hat bei einem Konzert in\u00a0Wien eine klare Ansage gemacht.\" \/>\n<meta name=\"robots\" content=\"index, follow, max-snippet:-1, max-image-preview:large, max-video-preview:-1\" \/>\n<link rel=\"canonical\" href=\"https:\/\/www.human-rights-year.com\/de\/2019\/09\/19\/herbert-groenemeyer-spricht-sich-gegen-rechts-aus\/\" \/>\n<meta property=\"og:locale\" content=\"de_DE\" \/>\n<meta property=\"og:type\" content=\"article\" \/>\n<meta property=\"og:title\" content=\"Herbert Gr\u00f6nemeyer spricht sich gegen rechts aus - Europ\u00e4ischer Menschenrechtsdialog\" \/>\n<meta property=\"og:description\" content=\"Der deutsche S\u00e4nger Herbert Gr\u00f6nemeyer hat bei einem Konzert in\u00a0Wien eine klare Ansage gemacht.\" \/>\n<meta property=\"og:url\" content=\"https:\/\/www.human-rights-year.com\/de\/2019\/09\/19\/herbert-groenemeyer-spricht-sich-gegen-rechts-aus\/\" \/>\n<meta property=\"og:site_name\" content=\"Europ\u00e4ischer Menschenrechtsdialog\" \/>\n<meta property=\"article:published_time\" content=\"2019-09-19T10:06:33+00:00\" \/>\n<meta property=\"article:modified_time\" content=\"2019-09-19T10:25:34+00:00\" \/>\n<meta property=\"og:image\" content=\"https:\/\/www.human-rights-year.com\/wp-content\/uploads\/2019\/09\/hg.jpg\" \/>\n\t<meta property=\"og:image:width\" content=\"800\" \/>\n\t<meta property=\"og:image:height\" content=\"570\" \/>\n\t<meta property=\"og:image:type\" content=\"image\/jpeg\" \/>\n<meta name=\"author\" content=\"Human Rights Year\" \/>\n<meta name=\"twitter:card\" content=\"summary_large_image\" \/>\n<meta name=\"twitter:label1\" content=\"Verfasst von\" \/>\n\t<meta name=\"twitter:data1\" content=\"Human Rights Year\" \/>\n\t<meta name=\"twitter:label2\" content=\"Gesch\u00e4tzte Lesezeit\" \/>\n\t<meta name=\"twitter:data2\" content=\"1\u00a0Minute\" \/>\n<script type=\"application\/ld+json\" class=\"yoast-schema-graph\">{\"@context\":\"https:\/\/schema.org\",\"@graph\":[{\"@type\":\"WebSite\",\"@id\":\"https:\/\/www.human-rights-year.com\/#website\",\"url\":\"https:\/\/www.human-rights-year.com\/\",\"name\":\"\u0415\u0432\u0440\u043e\u043f\u0435\u0439\u0441\u043a\u0438\u0439 \u043f\u0440\u0430\u0432\u043e\u0437\u0430\u0449\u0438\u0442\u043d\u044b\u0439 \u0434\u0438\u0430\u043b\u043e\u0433\",\"description\":\" \",\"potentialAction\":[{\"@type\":\"SearchAction\",\"target\":{\"@type\":\"EntryPoint\",\"urlTemplate\":\"https:\/\/www.human-rights-year.com\/?s={search_term_string}\"},\"query-input\":\"required name=search_term_string\"}],\"inLanguage\":\"de\"},{\"@type\":\"WebPage\",\"@id\":\"https:\/\/www.human-rights-year.com\/de\/2019\/09\/19\/herbert-groenemeyer-spricht-sich-gegen-rechts-aus\/\",\"url\":\"https:\/\/www.human-rights-year.com\/de\/2019\/09\/19\/herbert-groenemeyer-spricht-sich-gegen-rechts-aus\/\",\"name\":\"Herbert Gr\u00f6nemeyer spricht sich gegen rechts aus - Europ\u00e4ischer Menschenrechtsdialog\",\"isPartOf\":{\"@id\":\"https:\/\/www.human-rights-year.com\/#website\"},\"datePublished\":\"2019-09-19T10:06:33+00:00\",\"dateModified\":\"2019-09-19T10:25:34+00:00\",\"author\":{\"@id\":\"https:\/\/www.human-rights-year.com\/#\/schema\/person\/54d85daa1545786aba6f5320df79bb4c\"},\"description\":\"Der deutsche S\u00e4nger Herbert Gr\u00f6nemeyer hat bei einem Konzert in\u00a0Wien eine klare Ansage gemacht.\",\"breadcrumb\":{\"@id\":\"https:\/\/www.human-rights-year.com\/de\/2019\/09\/19\/herbert-groenemeyer-spricht-sich-gegen-rechts-aus\/#breadcrumb\"},\"inLanguage\":\"de\",\"potentialAction\":[{\"@type\":\"ReadAction\",\"target\":[\"https:\/\/www.human-rights-year.com\/de\/2019\/09\/19\/herbert-groenemeyer-spricht-sich-gegen-rechts-aus\/\"]}]},{\"@type\":\"BreadcrumbList\",\"@id\":\"https:\/\/www.human-rights-year.com\/de\/2019\/09\/19\/herbert-groenemeyer-spricht-sich-gegen-rechts-aus\/#breadcrumb\",\"itemListElement\":[{\"@type\":\"ListItem\",\"position\":1,\"name\":\"\u0413\u043b\u0430\u0432\u043d\u0430\u044f \u0441\u0442\u0440\u0430\u043d\u0438\u0446\u0430\",\"item\":\"https:\/\/www.human-rights-year.com\/de\/\"},{\"@type\":\"ListItem\",\"position\":2,\"name\":\"Herbert Gr\u00f6nemeyer spricht sich gegen rechts aus\"}]},{\"@type\":\"Person\",\"@id\":\"https:\/\/www.human-rights-year.com\/#\/schema\/person\/54d85daa1545786aba6f5320df79bb4c\",\"name\":\"Human Rights Year\",\"image\":{\"@type\":\"ImageObject\",\"inLanguage\":\"de\",\"@id\":\"https:\/\/www.human-rights-year.com\/#\/schema\/person\/image\/\",\"url\":\"https:\/\/secure.gravatar.com\/avatar\/685b0e722b7b569d9169f933abfd5f26?s=96&d=mm&r=g\",\"contentUrl\":\"https:\/\/secure.gravatar.com\/avatar\/685b0e722b7b569d9169f933abfd5f26?s=96&d=mm&r=g\",\"caption\":\"Human Rights Year\"},\"description\":\"\u041d\u0435\u043c\u0435\u0446\u043a\u043e - \u0440\u043e\u0441\u0441\u0438\u0439\u0441\u043a\u0438\u0439 \u0433\u043e\u0434 \u043f\u0440\u0430\u0432 \u0447\u0435\u043b\u043e\u0432\u0435\u043a\u0430 \u041f\u0440\u043e\u0435\u043a\u0442 \u0438\u043d\u0444\u043e\u0440\u043c\u0438\u0440\u0443\u0435\u0442 \u043d\u0435\u043c\u0435\u0446\u043a\u043e\u0435 \u043e\u0431\u0449\u0435\u0441\u0442\u0432\u043e,\u00a0 \u0432 \u0442\u043e\u043c \u0447\u0438\u0441\u043b\u0435 \u0435\u0433\u043e \u0440\u0443\u0441\u0441\u043a\u043e\u044f\u0437\u044b\u0447\u043d\u0443\u044e \u0447\u0430\u0441\u0442\u044c, \u043e \u0441\u0438\u0442\u0443\u0430\u0446\u0438\u0438 \u0441 \u0441\u043e\u0431\u043b\u044e\u0434\u0435\u043d\u0438\u0435\u043c \u043f\u0440\u0430\u0432 \u0447\u0435\u043b\u043e\u0432\u0435\u043a\u0430 \u0432 \u0420\u043e\u0441\u0441\u0438\u0438; \u0430 \u0440\u043e\u0441\u0441\u0438\u044f\u043d - \u043e \u0441\u0438\u0442\u0443\u0430\u0446\u0438\u0438 \u0432 \u044d\u0442\u043e\u0439 \u043e\u0431\u043b\u0430\u0441\u0442\u0438 \u0432 \u0413\u0435\u0440\u043c\u0430\u043d\u0438\u0438. \u0420\u0435\u0430\u043b\u0438\u0437\u0443\u0435\u0442\u0441\u044f \u043f\u0440\u0438 \u0443\u0447\u0430\u0441\u0442\u0438\u0438 \u0440\u043e\u0441\u0441\u0438\u0439\u0441\u043a\u043e\u0433\u043e \u043f\u0440\u0430\u0432\u043e\u0437\u0430\u0449\u0438\u0442\u043d\u043e\u0433\u043e \u0446\u0435\u043d\u0442\u0440\u0430 \u201c\u041c\u0435\u043c\u043e\u0440\u0438\u0430\u043b\u201d \u0438 \u0424\u043e\u0440\u0443\u043c\u0430 \u0440\u0443\u0441\u0441\u043a\u043e\u044f\u0437\u044b\u0447\u043d\u044b\u0445 \u0435\u0432\u0440\u043e\u043f\u0435\u0439\u0446\u0435\u0432, \u0430 \u0442\u0430\u043a\u0436\u0435 \u043f\u0440\u0438 \u043f\u043e\u0434\u0434\u0435\u0440\u0436\u043a\u0435 \u0433\u0435\u0440\u043c\u0430\u043d\u0441\u043a\u043e\u0433\u043e \u041c\u0418\u0414\u0430.\",\"sameAs\":[\"https:\/\/www.human-rights-year.com\"],\"url\":\"https:\/\/www.human-rights-year.com\/de\/author\/humanrightsyear\/\"}]}<\/script>\n<!-- \/ Yoast SEO plugin. -->","yoast_head_json":{"title":"Herbert Gr\u00f6nemeyer spricht sich gegen rechts aus - Europ\u00e4ischer Menschenrechtsdialog","description":"Der deutsche S\u00e4nger Herbert Gr\u00f6nemeyer hat bei einem Konzert in\u00a0Wien eine klare Ansage gemacht.","robots":{"index":"index","follow":"follow","max-snippet":"max-snippet:-1","max-image-preview":"max-image-preview:large","max-video-preview":"max-video-preview:-1"},"canonical":"https:\/\/www.human-rights-year.com\/de\/2019\/09\/19\/herbert-groenemeyer-spricht-sich-gegen-rechts-aus\/","og_locale":"de_DE","og_type":"article","og_title":"Herbert Gr\u00f6nemeyer spricht sich gegen rechts aus - Europ\u00e4ischer Menschenrechtsdialog","og_description":"Der deutsche S\u00e4nger Herbert Gr\u00f6nemeyer hat bei einem Konzert in\u00a0Wien eine klare Ansage gemacht.","og_url":"https:\/\/www.human-rights-year.com\/de\/2019\/09\/19\/herbert-groenemeyer-spricht-sich-gegen-rechts-aus\/","og_site_name":"Europ\u00e4ischer Menschenrechtsdialog","article_published_time":"2019-09-19T10:06:33+00:00","article_modified_time":"2019-09-19T10:25:34+00:00","og_image":[{"width":800,"height":570,"url":"https:\/\/www.human-rights-year.com\/wp-content\/uploads\/2019\/09\/hg.jpg","type":"image\/jpeg"}],"author":"Human Rights Year","twitter_card":"summary_large_image","twitter_misc":{"Verfasst von":"Human Rights Year","Gesch\u00e4tzte Lesezeit":"1\u00a0Minute"},"schema":{"@context":"https:\/\/schema.org","@graph":[{"@type":"WebSite","@id":"https:\/\/www.human-rights-year.com\/#website","url":"https:\/\/www.human-rights-year.com\/","name":"\u0415\u0432\u0440\u043e\u043f\u0435\u0439\u0441\u043a\u0438\u0439 \u043f\u0440\u0430\u0432\u043e\u0437\u0430\u0449\u0438\u0442\u043d\u044b\u0439 \u0434\u0438\u0430\u043b\u043e\u0433","description":" ","potentialAction":[{"@type":"SearchAction","target":{"@type":"EntryPoint","urlTemplate":"https:\/\/www.human-rights-year.com\/?s={search_term_string}"},"query-input":"required name=search_term_string"}],"inLanguage":"de"},{"@type":"WebPage","@id":"https:\/\/www.human-rights-year.com\/de\/2019\/09\/19\/herbert-groenemeyer-spricht-sich-gegen-rechts-aus\/","url":"https:\/\/www.human-rights-year.com\/de\/2019\/09\/19\/herbert-groenemeyer-spricht-sich-gegen-rechts-aus\/","name":"Herbert Gr\u00f6nemeyer spricht sich gegen rechts aus - Europ\u00e4ischer Menschenrechtsdialog","isPartOf":{"@id":"https:\/\/www.human-rights-year.com\/#website"},"datePublished":"2019-09-19T10:06:33+00:00","dateModified":"2019-09-19T10:25:34+00:00","author":{"@id":"https:\/\/www.human-rights-year.com\/#\/schema\/person\/54d85daa1545786aba6f5320df79bb4c"},"description":"Der deutsche S\u00e4nger Herbert Gr\u00f6nemeyer hat bei einem Konzert in\u00a0Wien eine klare Ansage gemacht.","breadcrumb":{"@id":"https:\/\/www.human-rights-year.com\/de\/2019\/09\/19\/herbert-groenemeyer-spricht-sich-gegen-rechts-aus\/#breadcrumb"},"inLanguage":"de","potentialAction":[{"@type":"ReadAction","target":["https:\/\/www.human-rights-year.com\/de\/2019\/09\/19\/herbert-groenemeyer-spricht-sich-gegen-rechts-aus\/"]}]},{"@type":"BreadcrumbList","@id":"https:\/\/www.human-rights-year.com\/de\/2019\/09\/19\/herbert-groenemeyer-spricht-sich-gegen-rechts-aus\/#breadcrumb","itemListElement":[{"@type":"ListItem","position":1,"name":"\u0413\u043b\u0430\u0432\u043d\u0430\u044f \u0441\u0442\u0440\u0430\u043d\u0438\u0446\u0430","item":"https:\/\/www.human-rights-year.com\/de\/"},{"@type":"ListItem","position":2,"name":"Herbert Gr\u00f6nemeyer spricht sich gegen rechts aus"}]},{"@type":"Person","@id":"https:\/\/www.human-rights-year.com\/#\/schema\/person\/54d85daa1545786aba6f5320df79bb4c","name":"Human Rights Year","image":{"@type":"ImageObject","inLanguage":"de","@id":"https:\/\/www.human-rights-year.com\/#\/schema\/person\/image\/","url":"https:\/\/secure.gravatar.com\/avatar\/685b0e722b7b569d9169f933abfd5f26?s=96&d=mm&r=g","contentUrl":"https:\/\/secure.gravatar.com\/avatar\/685b0e722b7b569d9169f933abfd5f26?s=96&d=mm&r=g","caption":"Human Rights Year"},"description":"\u041d\u0435\u043c\u0435\u0446\u043a\u043e - \u0440\u043e\u0441\u0441\u0438\u0439\u0441\u043a\u0438\u0439 \u0433\u043e\u0434 \u043f\u0440\u0430\u0432 \u0447\u0435\u043b\u043e\u0432\u0435\u043a\u0430 \u041f\u0440\u043e\u0435\u043a\u0442 \u0438\u043d\u0444\u043e\u0440\u043c\u0438\u0440\u0443\u0435\u0442 \u043d\u0435\u043c\u0435\u0446\u043a\u043e\u0435 \u043e\u0431\u0449\u0435\u0441\u0442\u0432\u043e,\u00a0 \u0432 \u0442\u043e\u043c \u0447\u0438\u0441\u043b\u0435 \u0435\u0433\u043e \u0440\u0443\u0441\u0441\u043a\u043e\u044f\u0437\u044b\u0447\u043d\u0443\u044e \u0447\u0430\u0441\u0442\u044c, \u043e \u0441\u0438\u0442\u0443\u0430\u0446\u0438\u0438 \u0441 \u0441\u043e\u0431\u043b\u044e\u0434\u0435\u043d\u0438\u0435\u043c \u043f\u0440\u0430\u0432 \u0447\u0435\u043b\u043e\u0432\u0435\u043a\u0430 \u0432 \u0420\u043e\u0441\u0441\u0438\u0438; \u0430 \u0440\u043e\u0441\u0441\u0438\u044f\u043d - \u043e \u0441\u0438\u0442\u0443\u0430\u0446\u0438\u0438 \u0432 \u044d\u0442\u043e\u0439 \u043e\u0431\u043b\u0430\u0441\u0442\u0438 \u0432 \u0413\u0435\u0440\u043c\u0430\u043d\u0438\u0438. \u0420\u0435\u0430\u043b\u0438\u0437\u0443\u0435\u0442\u0441\u044f \u043f\u0440\u0438 \u0443\u0447\u0430\u0441\u0442\u0438\u0438 \u0440\u043e\u0441\u0441\u0438\u0439\u0441\u043a\u043e\u0433\u043e \u043f\u0440\u0430\u0432\u043e\u0437\u0430\u0449\u0438\u0442\u043d\u043e\u0433\u043e \u0446\u0435\u043d\u0442\u0440\u0430 \u201c\u041c\u0435\u043c\u043e\u0440\u0438\u0430\u043b\u201d \u0438 \u0424\u043e\u0440\u0443\u043c\u0430 \u0440\u0443\u0441\u0441\u043a\u043e\u044f\u0437\u044b\u0447\u043d\u044b\u0445 \u0435\u0432\u0440\u043e\u043f\u0435\u0439\u0446\u0435\u0432, \u0430 \u0442\u0430\u043a\u0436\u0435 \u043f\u0440\u0438 \u043f\u043e\u0434\u0434\u0435\u0440\u0436\u043a\u0435 \u0433\u0435\u0440\u043c\u0430\u043d\u0441\u043a\u043e\u0433\u043e \u041c\u0418\u0414\u0430.","sameAs":["https:\/\/www.human-rights-year.com"],"url":"https:\/\/www.human-rights-year.com\/de\/author\/humanrightsyear\/"}]}},"_links":{"self":[{"href":"https:\/\/www.human-rights-year.com\/de\/wp-json\/wp\/v2\/posts\/1202"}],"collection":[{"href":"https:\/\/www.human-rights-year.com\/de\/wp-json\/wp\/v2\/posts"}],"about":[{"href":"https:\/\/www.human-rights-year.com\/de\/wp-json\/wp\/v2\/types\/post"}],"author":[{"embeddable":true,"href":"https:\/\/www.human-rights-year.com\/de\/wp-json\/wp\/v2\/users\/1"}],"replies":[{"embeddable":true,"href":"https:\/\/www.human-rights-year.com\/de\/wp-json\/wp\/v2\/comments?post=1202"}],"version-history":[{"count":0,"href":"https:\/\/www.human-rights-year.com\/de\/wp-json\/wp\/v2\/posts\/1202\/revisions"}],"wp:featuredmedia":[{"embeddable":true,"href":"https:\/\/www.human-rights-year.com\/de\/wp-json\/wp\/v2\/media\/1205"}],"wp:attachment":[{"href":"https:\/\/www.human-rights-year.com\/de\/wp-json\/wp\/v2\/media?parent=1202"}],"wp:term":[{"taxonomy":"category","embeddable":true,"href":"https:\/\/www.human-rights-year.com\/de\/wp-json\/wp\/v2\/categories?post=1202"},{"taxonomy":"post_tag","embeddable":true,"href":"https:\/\/www.human-rights-year.com\/de\/wp-json\/wp\/v2\/tags?post=1202"}],"curies":[{"name":"wp","href":"https:\/\/api.w.org\/{rel}","templated":true}]}}