{"id":1095,"date":"2019-09-16T12:35:26","date_gmt":"2019-09-16T10:35:26","guid":{"rendered":"https:\/\/www.human-rights-year.com\/?p=1095"},"modified":"2019-09-16T12:38:38","modified_gmt":"2019-09-16T10:38:38","slug":"die-frau-des-angeklagten-im-netz-fall-wassili-kuksow-sprach-ueber-seine-inhaftierung","status":"publish","type":"post","link":"https:\/\/www.human-rights-year.com\/de\/2019\/09\/16\/die-frau-des-angeklagten-im-netz-fall-wassili-kuksow-sprach-ueber-seine-inhaftierung\/","title":{"rendered":"Die Frau des Angeklagten im \u00abNetz\u00bb*-Fall Wassili Kuksow sprach \u00fcber seine Inhaftierung"},"content":{"rendered":"<p>Elena Kuksowa, die Frau des Angeklagten im\u00a0Fall der Terroristengemeinschaft \u00abNetz\u00bb* (\u00ab\u0421\u0435\u0442\u044c\u00bb), Wassili Kuksow, teilte dem Gericht am\u00a011. September mit, dass die FSB-Beamten am\u00a0Tag der Festnahme ihren Mann mit Sch\u00fcrfwunden und in\u00a0blutiger Kleidung nach Hause gebracht haben und bei einer Durchsuchung eine Pistole in\u00a0seinem Auto gefunden haben. Sie erkl\u00e4rte, dass FSB-Beamte ihr Auto vor der Durchsuchung h\u00e4tten \u00f6ffnen k\u00f6nnen. Details der Befragung von Elena Kuksowa\u00a0\u2014 in <a href=\"https:\/\/7x7-journal.ru\/articles\/2019\/09\/13\/eto-byla-kak-budto-igra-sud-v-penze-doprosil-zhenu-podsudimogo-po-delu-seti-vasiliya-kuksova?fbclid=IwAR09OVOv8bxd-UCf4bkr7hnVjIEADniOIWz7wpJYiPVAo3AoL0mAPdCw9e0\" target=\"_blank\" rel=\"noopener noreferrer\">der Reportage von \u00a0\u00ab7 \u00d7 7\u00bb<\/a>.<\/p>\n<p>&nbsp;<\/p>\n<p><em>* \u00abNetz\u00bb (Ru: \u00ab\u0421\u0435\u0442\u044c\u00bb)\u00a0\u2014 eine terroristische Organisation, die in\u00a0Russland verboten ist.<\/em><\/p>\n<p>Illustration (CC)<a href=\"https:\/\/www.flickr.com\/photos\/usmarshals\/25537693320\/\" target=\"_blank\" rel=\"noopener noreferrer\"> Office of\u00a0Public Affairs<\/a><\/p>\n","protected":false},"excerpt":{"rendered":"<p>Elena Kuksowa, die Frau des Angeklagten im\u00a0Fall der Terroristengemeinschaft \u00abNetz\u00bb* (\u00ab\u0421\u0435\u0442\u044c\u00bb), Wassili Kuksow, teilte dem Gericht am\u00a011. September mit, dass die FSB-Beamten am\u00a0Tag der Festnahme<\/p>\n","protected":false},"author":1,"featured_media":1091,"comment_status":"closed","ping_status":"open","sticky":false,"template":"","format":"standard","meta":[],"categories":[20,12],"tags":[209,211,210],"yoast_head":"<!-- This site is optimized with the Yoast SEO plugin v19.4 - https:\/\/yoast.com\/wordpress\/plugins\/seo\/ -->\n<title>Die Frau des Angeklagten im \u00abNetz\u00bb*-Fall Wassili Kuksow sprach \u00fcber seine Inhaftierung - Europ\u00e4ischer Menschenrechtsdialog<\/title>\n<meta name=\"description\" content=\"Sie erkl\u00e4rte, dass FSB-Beamte ihr Auto vor der Durchsuchung h\u00e4tten \u00f6ffnen k\u00f6nnen.\" \/>\n<meta name=\"robots\" content=\"index, follow, max-snippet:-1, max-image-preview:large, max-video-preview:-1\" \/>\n<link rel=\"canonical\" href=\"https:\/\/www.human-rights-year.com\/de\/2019\/09\/16\/die-frau-des-angeklagten-im-netz-fall-wassili-kuksow-sprach-ueber-seine-inhaftierung\/\" \/>\n<meta property=\"og:locale\" content=\"de_DE\" \/>\n<meta property=\"og:type\" content=\"article\" \/>\n<meta property=\"og:title\" content=\"Die Frau des Angeklagten im \u00abNetz\u00bb*-Fall Wassili Kuksow sprach \u00fcber seine Inhaftierung - Europ\u00e4ischer Menschenrechtsdialog\" \/>\n<meta property=\"og:description\" content=\"Sie erkl\u00e4rte, dass FSB-Beamte ihr Auto vor der Durchsuchung h\u00e4tten \u00f6ffnen k\u00f6nnen.\" \/>\n<meta property=\"og:url\" content=\"https:\/\/www.human-rights-year.com\/de\/2019\/09\/16\/die-frau-des-angeklagten-im-netz-fall-wassili-kuksow-sprach-ueber-seine-inhaftierung\/\" \/>\n<meta property=\"og:site_name\" content=\"Europ\u00e4ischer Menschenrechtsdialog\" \/>\n<meta property=\"article:published_time\" content=\"2019-09-16T10:35:26+00:00\" \/>\n<meta property=\"article:modified_time\" content=\"2019-09-16T10:38:38+00:00\" \/>\n<meta property=\"og:image\" content=\"https:\/\/www.human-rights-year.com\/wp-content\/uploads\/2019\/09\/25537693320_539f6a351c_h.jpg\" \/>\n\t<meta property=\"og:image:width\" content=\"1600\" \/>\n\t<meta property=\"og:image:height\" content=\"1065\" \/>\n\t<meta property=\"og:image:type\" content=\"image\/jpeg\" \/>\n<meta name=\"author\" content=\"Human Rights Year\" \/>\n<meta name=\"twitter:card\" content=\"summary_large_image\" \/>\n<meta name=\"twitter:label1\" content=\"Verfasst von\" \/>\n\t<meta name=\"twitter:data1\" content=\"Human Rights Year\" \/>\n<script type=\"application\/ld+json\" class=\"yoast-schema-graph\">{\"@context\":\"https:\/\/schema.org\",\"@graph\":[{\"@type\":\"WebSite\",\"@id\":\"https:\/\/www.human-rights-year.com\/#website\",\"url\":\"https:\/\/www.human-rights-year.com\/\",\"name\":\"\u0415\u0432\u0440\u043e\u043f\u0435\u0439\u0441\u043a\u0438\u0439 \u043f\u0440\u0430\u0432\u043e\u0437\u0430\u0449\u0438\u0442\u043d\u044b\u0439 \u0434\u0438\u0430\u043b\u043e\u0433\",\"description\":\" \",\"potentialAction\":[{\"@type\":\"SearchAction\",\"target\":{\"@type\":\"EntryPoint\",\"urlTemplate\":\"https:\/\/www.human-rights-year.com\/?s={search_term_string}\"},\"query-input\":\"required name=search_term_string\"}],\"inLanguage\":\"de\"},{\"@type\":\"WebPage\",\"@id\":\"https:\/\/www.human-rights-year.com\/de\/2019\/09\/16\/die-frau-des-angeklagten-im-netz-fall-wassili-kuksow-sprach-ueber-seine-inhaftierung\/\",\"url\":\"https:\/\/www.human-rights-year.com\/de\/2019\/09\/16\/die-frau-des-angeklagten-im-netz-fall-wassili-kuksow-sprach-ueber-seine-inhaftierung\/\",\"name\":\"Die Frau des Angeklagten im \u00abNetz\u00bb*-Fall Wassili Kuksow sprach \u00fcber seine Inhaftierung - Europ\u00e4ischer Menschenrechtsdialog\",\"isPartOf\":{\"@id\":\"https:\/\/www.human-rights-year.com\/#website\"},\"datePublished\":\"2019-09-16T10:35:26+00:00\",\"dateModified\":\"2019-09-16T10:38:38+00:00\",\"author\":{\"@id\":\"https:\/\/www.human-rights-year.com\/#\/schema\/person\/54d85daa1545786aba6f5320df79bb4c\"},\"description\":\"Sie erkl\u00e4rte, dass FSB-Beamte ihr Auto vor der Durchsuchung h\u00e4tten \u00f6ffnen k\u00f6nnen.\",\"breadcrumb\":{\"@id\":\"https:\/\/www.human-rights-year.com\/de\/2019\/09\/16\/die-frau-des-angeklagten-im-netz-fall-wassili-kuksow-sprach-ueber-seine-inhaftierung\/#breadcrumb\"},\"inLanguage\":\"de\",\"potentialAction\":[{\"@type\":\"ReadAction\",\"target\":[\"https:\/\/www.human-rights-year.com\/de\/2019\/09\/16\/die-frau-des-angeklagten-im-netz-fall-wassili-kuksow-sprach-ueber-seine-inhaftierung\/\"]}]},{\"@type\":\"BreadcrumbList\",\"@id\":\"https:\/\/www.human-rights-year.com\/de\/2019\/09\/16\/die-frau-des-angeklagten-im-netz-fall-wassili-kuksow-sprach-ueber-seine-inhaftierung\/#breadcrumb\",\"itemListElement\":[{\"@type\":\"ListItem\",\"position\":1,\"name\":\"\u0413\u043b\u0430\u0432\u043d\u0430\u044f \u0441\u0442\u0440\u0430\u043d\u0438\u0446\u0430\",\"item\":\"https:\/\/www.human-rights-year.com\/de\/\"},{\"@type\":\"ListItem\",\"position\":2,\"name\":\"Die Frau des Angeklagten im \u00abNetz\u00bb*-Fall Wassili Kuksow sprach \u00fcber seine Inhaftierung\"}]},{\"@type\":\"Person\",\"@id\":\"https:\/\/www.human-rights-year.com\/#\/schema\/person\/54d85daa1545786aba6f5320df79bb4c\",\"name\":\"Human Rights Year\",\"image\":{\"@type\":\"ImageObject\",\"inLanguage\":\"de\",\"@id\":\"https:\/\/www.human-rights-year.com\/#\/schema\/person\/image\/\",\"url\":\"https:\/\/secure.gravatar.com\/avatar\/685b0e722b7b569d9169f933abfd5f26?s=96&d=mm&r=g\",\"contentUrl\":\"https:\/\/secure.gravatar.com\/avatar\/685b0e722b7b569d9169f933abfd5f26?s=96&d=mm&r=g\",\"caption\":\"Human Rights Year\"},\"description\":\"\u041d\u0435\u043c\u0435\u0446\u043a\u043e - \u0440\u043e\u0441\u0441\u0438\u0439\u0441\u043a\u0438\u0439 \u0433\u043e\u0434 \u043f\u0440\u0430\u0432 \u0447\u0435\u043b\u043e\u0432\u0435\u043a\u0430 \u041f\u0440\u043e\u0435\u043a\u0442 \u0438\u043d\u0444\u043e\u0440\u043c\u0438\u0440\u0443\u0435\u0442 \u043d\u0435\u043c\u0435\u0446\u043a\u043e\u0435 \u043e\u0431\u0449\u0435\u0441\u0442\u0432\u043e,\u00a0 \u0432 \u0442\u043e\u043c \u0447\u0438\u0441\u043b\u0435 \u0435\u0433\u043e \u0440\u0443\u0441\u0441\u043a\u043e\u044f\u0437\u044b\u0447\u043d\u0443\u044e \u0447\u0430\u0441\u0442\u044c, \u043e \u0441\u0438\u0442\u0443\u0430\u0446\u0438\u0438 \u0441 \u0441\u043e\u0431\u043b\u044e\u0434\u0435\u043d\u0438\u0435\u043c \u043f\u0440\u0430\u0432 \u0447\u0435\u043b\u043e\u0432\u0435\u043a\u0430 \u0432 \u0420\u043e\u0441\u0441\u0438\u0438; \u0430 \u0440\u043e\u0441\u0441\u0438\u044f\u043d - \u043e \u0441\u0438\u0442\u0443\u0430\u0446\u0438\u0438 \u0432 \u044d\u0442\u043e\u0439 \u043e\u0431\u043b\u0430\u0441\u0442\u0438 \u0432 \u0413\u0435\u0440\u043c\u0430\u043d\u0438\u0438. \u0420\u0435\u0430\u043b\u0438\u0437\u0443\u0435\u0442\u0441\u044f \u043f\u0440\u0438 \u0443\u0447\u0430\u0441\u0442\u0438\u0438 \u0440\u043e\u0441\u0441\u0438\u0439\u0441\u043a\u043e\u0433\u043e \u043f\u0440\u0430\u0432\u043e\u0437\u0430\u0449\u0438\u0442\u043d\u043e\u0433\u043e \u0446\u0435\u043d\u0442\u0440\u0430 \u201c\u041c\u0435\u043c\u043e\u0440\u0438\u0430\u043b\u201d \u0438 \u0424\u043e\u0440\u0443\u043c\u0430 \u0440\u0443\u0441\u0441\u043a\u043e\u044f\u0437\u044b\u0447\u043d\u044b\u0445 \u0435\u0432\u0440\u043e\u043f\u0435\u0439\u0446\u0435\u0432, \u0430 \u0442\u0430\u043a\u0436\u0435 \u043f\u0440\u0438 \u043f\u043e\u0434\u0434\u0435\u0440\u0436\u043a\u0435 \u0433\u0435\u0440\u043c\u0430\u043d\u0441\u043a\u043e\u0433\u043e \u041c\u0418\u0414\u0430.\",\"sameAs\":[\"https:\/\/www.human-rights-year.com\"],\"url\":\"https:\/\/www.human-rights-year.com\/de\/author\/humanrightsyear\/\"}]}<\/script>\n<!-- \/ Yoast SEO plugin. -->","yoast_head_json":{"title":"Die Frau des Angeklagten im \u00abNetz\u00bb*-Fall Wassili Kuksow sprach \u00fcber seine Inhaftierung - Europ\u00e4ischer Menschenrechtsdialog","description":"Sie erkl\u00e4rte, dass FSB-Beamte ihr Auto vor der Durchsuchung h\u00e4tten \u00f6ffnen k\u00f6nnen.","robots":{"index":"index","follow":"follow","max-snippet":"max-snippet:-1","max-image-preview":"max-image-preview:large","max-video-preview":"max-video-preview:-1"},"canonical":"https:\/\/www.human-rights-year.com\/de\/2019\/09\/16\/die-frau-des-angeklagten-im-netz-fall-wassili-kuksow-sprach-ueber-seine-inhaftierung\/","og_locale":"de_DE","og_type":"article","og_title":"Die Frau des Angeklagten im \u00abNetz\u00bb*-Fall Wassili Kuksow sprach \u00fcber seine Inhaftierung - Europ\u00e4ischer Menschenrechtsdialog","og_description":"Sie erkl\u00e4rte, dass FSB-Beamte ihr Auto vor der Durchsuchung h\u00e4tten \u00f6ffnen k\u00f6nnen.","og_url":"https:\/\/www.human-rights-year.com\/de\/2019\/09\/16\/die-frau-des-angeklagten-im-netz-fall-wassili-kuksow-sprach-ueber-seine-inhaftierung\/","og_site_name":"Europ\u00e4ischer Menschenrechtsdialog","article_published_time":"2019-09-16T10:35:26+00:00","article_modified_time":"2019-09-16T10:38:38+00:00","og_image":[{"width":1600,"height":1065,"url":"https:\/\/www.human-rights-year.com\/wp-content\/uploads\/2019\/09\/25537693320_539f6a351c_h.jpg","type":"image\/jpeg"}],"author":"Human Rights Year","twitter_card":"summary_large_image","twitter_misc":{"Verfasst von":"Human Rights Year"},"schema":{"@context":"https:\/\/schema.org","@graph":[{"@type":"WebSite","@id":"https:\/\/www.human-rights-year.com\/#website","url":"https:\/\/www.human-rights-year.com\/","name":"\u0415\u0432\u0440\u043e\u043f\u0435\u0439\u0441\u043a\u0438\u0439 \u043f\u0440\u0430\u0432\u043e\u0437\u0430\u0449\u0438\u0442\u043d\u044b\u0439 \u0434\u0438\u0430\u043b\u043e\u0433","description":" ","potentialAction":[{"@type":"SearchAction","target":{"@type":"EntryPoint","urlTemplate":"https:\/\/www.human-rights-year.com\/?s={search_term_string}"},"query-input":"required name=search_term_string"}],"inLanguage":"de"},{"@type":"WebPage","@id":"https:\/\/www.human-rights-year.com\/de\/2019\/09\/16\/die-frau-des-angeklagten-im-netz-fall-wassili-kuksow-sprach-ueber-seine-inhaftierung\/","url":"https:\/\/www.human-rights-year.com\/de\/2019\/09\/16\/die-frau-des-angeklagten-im-netz-fall-wassili-kuksow-sprach-ueber-seine-inhaftierung\/","name":"Die Frau des Angeklagten im \u00abNetz\u00bb*-Fall Wassili Kuksow sprach \u00fcber seine Inhaftierung - Europ\u00e4ischer Menschenrechtsdialog","isPartOf":{"@id":"https:\/\/www.human-rights-year.com\/#website"},"datePublished":"2019-09-16T10:35:26+00:00","dateModified":"2019-09-16T10:38:38+00:00","author":{"@id":"https:\/\/www.human-rights-year.com\/#\/schema\/person\/54d85daa1545786aba6f5320df79bb4c"},"description":"Sie erkl\u00e4rte, dass FSB-Beamte ihr Auto vor der Durchsuchung h\u00e4tten \u00f6ffnen k\u00f6nnen.","breadcrumb":{"@id":"https:\/\/www.human-rights-year.com\/de\/2019\/09\/16\/die-frau-des-angeklagten-im-netz-fall-wassili-kuksow-sprach-ueber-seine-inhaftierung\/#breadcrumb"},"inLanguage":"de","potentialAction":[{"@type":"ReadAction","target":["https:\/\/www.human-rights-year.com\/de\/2019\/09\/16\/die-frau-des-angeklagten-im-netz-fall-wassili-kuksow-sprach-ueber-seine-inhaftierung\/"]}]},{"@type":"BreadcrumbList","@id":"https:\/\/www.human-rights-year.com\/de\/2019\/09\/16\/die-frau-des-angeklagten-im-netz-fall-wassili-kuksow-sprach-ueber-seine-inhaftierung\/#breadcrumb","itemListElement":[{"@type":"ListItem","position":1,"name":"\u0413\u043b\u0430\u0432\u043d\u0430\u044f \u0441\u0442\u0440\u0430\u043d\u0438\u0446\u0430","item":"https:\/\/www.human-rights-year.com\/de\/"},{"@type":"ListItem","position":2,"name":"Die Frau des Angeklagten im \u00abNetz\u00bb*-Fall Wassili Kuksow sprach \u00fcber seine Inhaftierung"}]},{"@type":"Person","@id":"https:\/\/www.human-rights-year.com\/#\/schema\/person\/54d85daa1545786aba6f5320df79bb4c","name":"Human Rights Year","image":{"@type":"ImageObject","inLanguage":"de","@id":"https:\/\/www.human-rights-year.com\/#\/schema\/person\/image\/","url":"https:\/\/secure.gravatar.com\/avatar\/685b0e722b7b569d9169f933abfd5f26?s=96&d=mm&r=g","contentUrl":"https:\/\/secure.gravatar.com\/avatar\/685b0e722b7b569d9169f933abfd5f26?s=96&d=mm&r=g","caption":"Human Rights Year"},"description":"\u041d\u0435\u043c\u0435\u0446\u043a\u043e - \u0440\u043e\u0441\u0441\u0438\u0439\u0441\u043a\u0438\u0439 \u0433\u043e\u0434 \u043f\u0440\u0430\u0432 \u0447\u0435\u043b\u043e\u0432\u0435\u043a\u0430 \u041f\u0440\u043e\u0435\u043a\u0442 \u0438\u043d\u0444\u043e\u0440\u043c\u0438\u0440\u0443\u0435\u0442 \u043d\u0435\u043c\u0435\u0446\u043a\u043e\u0435 \u043e\u0431\u0449\u0435\u0441\u0442\u0432\u043e,\u00a0 \u0432 \u0442\u043e\u043c \u0447\u0438\u0441\u043b\u0435 \u0435\u0433\u043e \u0440\u0443\u0441\u0441\u043a\u043e\u044f\u0437\u044b\u0447\u043d\u0443\u044e \u0447\u0430\u0441\u0442\u044c, \u043e \u0441\u0438\u0442\u0443\u0430\u0446\u0438\u0438 \u0441 \u0441\u043e\u0431\u043b\u044e\u0434\u0435\u043d\u0438\u0435\u043c \u043f\u0440\u0430\u0432 \u0447\u0435\u043b\u043e\u0432\u0435\u043a\u0430 \u0432 \u0420\u043e\u0441\u0441\u0438\u0438; \u0430 \u0440\u043e\u0441\u0441\u0438\u044f\u043d - \u043e \u0441\u0438\u0442\u0443\u0430\u0446\u0438\u0438 \u0432 \u044d\u0442\u043e\u0439 \u043e\u0431\u043b\u0430\u0441\u0442\u0438 \u0432 \u0413\u0435\u0440\u043c\u0430\u043d\u0438\u0438. \u0420\u0435\u0430\u043b\u0438\u0437\u0443\u0435\u0442\u0441\u044f \u043f\u0440\u0438 \u0443\u0447\u0430\u0441\u0442\u0438\u0438 \u0440\u043e\u0441\u0441\u0438\u0439\u0441\u043a\u043e\u0433\u043e \u043f\u0440\u0430\u0432\u043e\u0437\u0430\u0449\u0438\u0442\u043d\u043e\u0433\u043e \u0446\u0435\u043d\u0442\u0440\u0430 \u201c\u041c\u0435\u043c\u043e\u0440\u0438\u0430\u043b\u201d \u0438 \u0424\u043e\u0440\u0443\u043c\u0430 \u0440\u0443\u0441\u0441\u043a\u043e\u044f\u0437\u044b\u0447\u043d\u044b\u0445 \u0435\u0432\u0440\u043e\u043f\u0435\u0439\u0446\u0435\u0432, \u0430 \u0442\u0430\u043a\u0436\u0435 \u043f\u0440\u0438 \u043f\u043e\u0434\u0434\u0435\u0440\u0436\u043a\u0435 \u0433\u0435\u0440\u043c\u0430\u043d\u0441\u043a\u043e\u0433\u043e \u041c\u0418\u0414\u0430.","sameAs":["https:\/\/www.human-rights-year.com"],"url":"https:\/\/www.human-rights-year.com\/de\/author\/humanrightsyear\/"}]}},"_links":{"self":[{"href":"https:\/\/www.human-rights-year.com\/de\/wp-json\/wp\/v2\/posts\/1095"}],"collection":[{"href":"https:\/\/www.human-rights-year.com\/de\/wp-json\/wp\/v2\/posts"}],"about":[{"href":"https:\/\/www.human-rights-year.com\/de\/wp-json\/wp\/v2\/types\/post"}],"author":[{"embeddable":true,"href":"https:\/\/www.human-rights-year.com\/de\/wp-json\/wp\/v2\/users\/1"}],"replies":[{"embeddable":true,"href":"https:\/\/www.human-rights-year.com\/de\/wp-json\/wp\/v2\/comments?post=1095"}],"version-history":[{"count":0,"href":"https:\/\/www.human-rights-year.com\/de\/wp-json\/wp\/v2\/posts\/1095\/revisions"}],"wp:featuredmedia":[{"embeddable":true,"href":"https:\/\/www.human-rights-year.com\/de\/wp-json\/wp\/v2\/media\/1091"}],"wp:attachment":[{"href":"https:\/\/www.human-rights-year.com\/de\/wp-json\/wp\/v2\/media?parent=1095"}],"wp:term":[{"taxonomy":"category","embeddable":true,"href":"https:\/\/www.human-rights-year.com\/de\/wp-json\/wp\/v2\/categories?post=1095"},{"taxonomy":"post_tag","embeddable":true,"href":"https:\/\/www.human-rights-year.com\/de\/wp-json\/wp\/v2\/tags?post=1095"}],"curies":[{"name":"wp","href":"https:\/\/api.w.org\/{rel}","templated":true}]}}