{"id":1079,"date":"2019-09-16T11:04:47","date_gmt":"2019-09-16T09:04:47","guid":{"rendered":"https:\/\/www.human-rights-year.com\/?p=1079"},"modified":"2019-09-16T11:21:18","modified_gmt":"2019-09-16T09:21:18","slug":"ermittler-wissen-mehr-ueber-den-moerder-von-zelimkhan-khangoshvili","status":"publish","type":"post","link":"https:\/\/www.human-rights-year.com\/de\/2019\/09\/16\/ermittler-wissen-mehr-ueber-den-moerder-von-zelimkhan-khangoshvili\/","title":{"rendered":"Ermittler wissen mehr \u00fcber den M\u00f6rder von Zelimkhan Khangoshvili"},"content":{"rendered":"<p>Die Angeh\u00f6rigen des in\u00a0Berlin am\u00a023. August 2019 ermordeten ehemaligen Feldkommandanten aus Tschetschenien und des politischen Fl\u00fcchtlings <a href=\"https:\/\/www.human-rights-year.com\/2019\/09\/03\/protesty-protiv-ubijstva-hangoshvili\/\" target=\"_blank\" rel=\"noopener noreferrer\">Zelimkhan Khangoshvili<\/a> behaupten von Anfang\u00a0an, dass es\u00a0ein Mord in\u00a0Auftrag russischer Regierung war. Inzwischen n\u00e4hern sich wohl auch die Ermittler dieser Meinung, denn die mutma\u00dflich wahre Identit\u00e4t des Tatverd\u00e4chtigen wurde bekannt.<!--more--><\/p>\n<p>\u00abEs\u00a0deutet viel darauf hin, dass der T\u00e4ter eine N\u00e4he zum russischen Staatsapparat hat\u00bb, sagte der CDU-Bundestagsabgeordnete Patrick Sensburg dem <a href=\"https:\/\/www.tagesspiegel.de\/politik\/wer-steckt-hinter-dem-mord-von-moabit-hinweise-auf-naehe-zum-russischen-staatsapparat-mehren-sich\/25016052.html?fbclid=IwAR2O6AS_beyH2lqwWuevVY-tHOjTdpW0ZZjIgGq3TiywK4PgY8Oe2Do34-w\" target=\"_blank\" rel=\"noopener noreferrer\">Tagesspiegel<\/a>. Als Indizien daf\u00fcr nannte er\u00a0die \u00abgef\u00e4lschten Passdokumente\u00bb und \u00aberste Erkenntnisse zur Biografie des T\u00e4ters\u00bb.<\/p>\n<p>Die US-Beh\u00f6rden gehen davon aus, dass der Mord von Russland in\u00a0Auftrag gegeben wurde. Ein US-Regierungsmitarbeiter hatte gegen\u00fcber dem \u00abWall Street Journal\u00bb erkl\u00e4rt: \u00abDie Vereinigten Staaten glauben, dass Russland f\u00fcr diesen Mord verantwortlich ist.\u00bb<\/p>\n<p>F\u00fcr die Aufkl\u00e4rung der Tat in\u00a0Berlin ist derzeit noch die Berliner Staatsanwaltschaft zust\u00e4ndig. Das k\u00f6nnte sich allerdings bald \u00e4ndern: \u00abWenn sich die Erkenntnisse verdichten, dass der russische Staatsapparat involviert ist, wird sich der Generalbundesanwalt des Falles annehmen m\u00fcssen\u00bb, sagte Sensburg.<\/p>\n<p>&nbsp;<\/p>\n<p><a href=\"https:\/\/www.tagesspiegel.de\/politik\/wer-steckt-hinter-dem-mord-von-moabit-hinweise-auf-naehe-zum-russischen-staatsapparat-mehren-sich\/25016052.html?fbclid=IwAR2O6AS_beyH2lqwWuevVY-tHOjTdpW0ZZjIgGq3TiywK4PgY8Oe2Do34-w\" target=\"_blank\" rel=\"noopener noreferrer\">Quelle<\/a><\/p>\n<p>Illustration (CC) <a href=\"https:\/\/www.flickr.com\/photos\/calamityjon\/3945919570\/\" target=\"_blank\" rel=\"noopener noreferrer\">Jonathan Morris<\/a><\/p>\n","protected":false},"excerpt":{"rendered":"<p>Die Angeh\u00f6rigen des in\u00a0Berlin am\u00a023. August 2019 ermordeten ehemaligen Feldkommandanten aus Tschetschenien und des politischen Fl\u00fcchtlings Zelimkhan Khangoshvili behaupten von Anfang\u00a0an, dass es\u00a0ein Mord in\u00a0Auftrag<\/p>\n","protected":false},"author":1,"featured_media":1080,"comment_status":"closed","ping_status":"open","sticky":false,"template":"","format":"standard","meta":[],"categories":[15,12],"tags":[74,49,96,73],"yoast_head":"<!-- This site is optimized with the Yoast SEO plugin v19.4 - https:\/\/yoast.com\/wordpress\/plugins\/seo\/ -->\n<title>Ermittler wissen mehr \u00fcber den M\u00f6rder von Zelimkhan Khangoshvili - Europ\u00e4ischer Menschenrechtsdialog<\/title>\n<meta name=\"description\" content=\"Die US-Beh\u00f6rden gehen davon aus, dass der Mord von Russland in\u00a0Auftrag gegeben wurde. Ein US-Regierungsmitarbeiter hatte gegen\u00fcber dem \u00abWall Street Journal\u00bb erkl\u00e4rt: \u00abDie Vereinigten Staaten glauben, dass Russland f\u00fcr diesen Mord verantwortlich ist.\u00bb\" \/>\n<meta name=\"robots\" content=\"index, follow, max-snippet:-1, max-image-preview:large, max-video-preview:-1\" \/>\n<link rel=\"canonical\" href=\"https:\/\/www.human-rights-year.com\/de\/2019\/09\/16\/ermittler-wissen-mehr-ueber-den-moerder-von-zelimkhan-khangoshvili\/\" \/>\n<meta property=\"og:locale\" content=\"de_DE\" \/>\n<meta property=\"og:type\" content=\"article\" \/>\n<meta property=\"og:title\" content=\"Ermittler wissen mehr \u00fcber den M\u00f6rder von Zelimkhan Khangoshvili - Europ\u00e4ischer Menschenrechtsdialog\" \/>\n<meta property=\"og:description\" content=\"Die US-Beh\u00f6rden gehen davon aus, dass der Mord von Russland in\u00a0Auftrag gegeben wurde. Ein US-Regierungsmitarbeiter hatte gegen\u00fcber dem \u00abWall Street Journal\u00bb erkl\u00e4rt: \u00abDie Vereinigten Staaten glauben, dass Russland f\u00fcr diesen Mord verantwortlich ist.\u00bb\" \/>\n<meta property=\"og:url\" content=\"https:\/\/www.human-rights-year.com\/de\/2019\/09\/16\/ermittler-wissen-mehr-ueber-den-moerder-von-zelimkhan-khangoshvili\/\" \/>\n<meta property=\"og:site_name\" content=\"Europ\u00e4ischer Menschenrechtsdialog\" \/>\n<meta property=\"article:published_time\" content=\"2019-09-16T09:04:47+00:00\" \/>\n<meta property=\"article:modified_time\" content=\"2019-09-16T09:21:18+00:00\" \/>\n<meta property=\"og:image\" content=\"https:\/\/www.human-rights-year.com\/wp-content\/uploads\/2019\/09\/3945919570_7ecf5c8556_o.jpg\" \/>\n\t<meta property=\"og:image:width\" content=\"1152\" \/>\n\t<meta property=\"og:image:height\" content=\"792\" \/>\n\t<meta property=\"og:image:type\" content=\"image\/jpeg\" \/>\n<meta name=\"author\" content=\"Human Rights Year\" \/>\n<meta name=\"twitter:card\" content=\"summary_large_image\" \/>\n<meta name=\"twitter:label1\" content=\"Verfasst von\" \/>\n\t<meta name=\"twitter:data1\" content=\"Human Rights Year\" \/>\n\t<meta name=\"twitter:label2\" content=\"Gesch\u00e4tzte Lesezeit\" \/>\n\t<meta name=\"twitter:data2\" content=\"1\u00a0Minute\" \/>\n<script type=\"application\/ld+json\" class=\"yoast-schema-graph\">{\"@context\":\"https:\/\/schema.org\",\"@graph\":[{\"@type\":\"WebSite\",\"@id\":\"https:\/\/www.human-rights-year.com\/#website\",\"url\":\"https:\/\/www.human-rights-year.com\/\",\"name\":\"\u0415\u0432\u0440\u043e\u043f\u0435\u0439\u0441\u043a\u0438\u0439 \u043f\u0440\u0430\u0432\u043e\u0437\u0430\u0449\u0438\u0442\u043d\u044b\u0439 \u0434\u0438\u0430\u043b\u043e\u0433\",\"description\":\" \",\"potentialAction\":[{\"@type\":\"SearchAction\",\"target\":{\"@type\":\"EntryPoint\",\"urlTemplate\":\"https:\/\/www.human-rights-year.com\/?s={search_term_string}\"},\"query-input\":\"required name=search_term_string\"}],\"inLanguage\":\"de\"},{\"@type\":\"WebPage\",\"@id\":\"https:\/\/www.human-rights-year.com\/de\/2019\/09\/16\/ermittler-wissen-mehr-ueber-den-moerder-von-zelimkhan-khangoshvili\/\",\"url\":\"https:\/\/www.human-rights-year.com\/de\/2019\/09\/16\/ermittler-wissen-mehr-ueber-den-moerder-von-zelimkhan-khangoshvili\/\",\"name\":\"Ermittler wissen mehr \u00fcber den M\u00f6rder von Zelimkhan Khangoshvili - Europ\u00e4ischer Menschenrechtsdialog\",\"isPartOf\":{\"@id\":\"https:\/\/www.human-rights-year.com\/#website\"},\"datePublished\":\"2019-09-16T09:04:47+00:00\",\"dateModified\":\"2019-09-16T09:21:18+00:00\",\"author\":{\"@id\":\"https:\/\/www.human-rights-year.com\/#\/schema\/person\/54d85daa1545786aba6f5320df79bb4c\"},\"description\":\"Die US-Beh\u00f6rden gehen davon aus, dass der Mord von Russland in\u00a0Auftrag gegeben wurde. Ein US-Regierungsmitarbeiter hatte gegen\u00fcber dem \u00abWall Street Journal\u00bb erkl\u00e4rt: \u00abDie Vereinigten Staaten glauben, dass Russland f\u00fcr diesen Mord verantwortlich ist.\u00bb\",\"breadcrumb\":{\"@id\":\"https:\/\/www.human-rights-year.com\/de\/2019\/09\/16\/ermittler-wissen-mehr-ueber-den-moerder-von-zelimkhan-khangoshvili\/#breadcrumb\"},\"inLanguage\":\"de\",\"potentialAction\":[{\"@type\":\"ReadAction\",\"target\":[\"https:\/\/www.human-rights-year.com\/de\/2019\/09\/16\/ermittler-wissen-mehr-ueber-den-moerder-von-zelimkhan-khangoshvili\/\"]}]},{\"@type\":\"BreadcrumbList\",\"@id\":\"https:\/\/www.human-rights-year.com\/de\/2019\/09\/16\/ermittler-wissen-mehr-ueber-den-moerder-von-zelimkhan-khangoshvili\/#breadcrumb\",\"itemListElement\":[{\"@type\":\"ListItem\",\"position\":1,\"name\":\"\u0413\u043b\u0430\u0432\u043d\u0430\u044f \u0441\u0442\u0440\u0430\u043d\u0438\u0446\u0430\",\"item\":\"https:\/\/www.human-rights-year.com\/de\/\"},{\"@type\":\"ListItem\",\"position\":2,\"name\":\"Ermittler wissen mehr \u00fcber den M\u00f6rder von Zelimkhan Khangoshvili\"}]},{\"@type\":\"Person\",\"@id\":\"https:\/\/www.human-rights-year.com\/#\/schema\/person\/54d85daa1545786aba6f5320df79bb4c\",\"name\":\"Human Rights Year\",\"image\":{\"@type\":\"ImageObject\",\"inLanguage\":\"de\",\"@id\":\"https:\/\/www.human-rights-year.com\/#\/schema\/person\/image\/\",\"url\":\"https:\/\/secure.gravatar.com\/avatar\/685b0e722b7b569d9169f933abfd5f26?s=96&d=mm&r=g\",\"contentUrl\":\"https:\/\/secure.gravatar.com\/avatar\/685b0e722b7b569d9169f933abfd5f26?s=96&d=mm&r=g\",\"caption\":\"Human Rights Year\"},\"description\":\"\u041d\u0435\u043c\u0435\u0446\u043a\u043e - \u0440\u043e\u0441\u0441\u0438\u0439\u0441\u043a\u0438\u0439 \u0433\u043e\u0434 \u043f\u0440\u0430\u0432 \u0447\u0435\u043b\u043e\u0432\u0435\u043a\u0430 \u041f\u0440\u043e\u0435\u043a\u0442 \u0438\u043d\u0444\u043e\u0440\u043c\u0438\u0440\u0443\u0435\u0442 \u043d\u0435\u043c\u0435\u0446\u043a\u043e\u0435 \u043e\u0431\u0449\u0435\u0441\u0442\u0432\u043e,\u00a0 \u0432 \u0442\u043e\u043c \u0447\u0438\u0441\u043b\u0435 \u0435\u0433\u043e \u0440\u0443\u0441\u0441\u043a\u043e\u044f\u0437\u044b\u0447\u043d\u0443\u044e \u0447\u0430\u0441\u0442\u044c, \u043e \u0441\u0438\u0442\u0443\u0430\u0446\u0438\u0438 \u0441 \u0441\u043e\u0431\u043b\u044e\u0434\u0435\u043d\u0438\u0435\u043c \u043f\u0440\u0430\u0432 \u0447\u0435\u043b\u043e\u0432\u0435\u043a\u0430 \u0432 \u0420\u043e\u0441\u0441\u0438\u0438; \u0430 \u0440\u043e\u0441\u0441\u0438\u044f\u043d - \u043e \u0441\u0438\u0442\u0443\u0430\u0446\u0438\u0438 \u0432 \u044d\u0442\u043e\u0439 \u043e\u0431\u043b\u0430\u0441\u0442\u0438 \u0432 \u0413\u0435\u0440\u043c\u0430\u043d\u0438\u0438. \u0420\u0435\u0430\u043b\u0438\u0437\u0443\u0435\u0442\u0441\u044f \u043f\u0440\u0438 \u0443\u0447\u0430\u0441\u0442\u0438\u0438 \u0440\u043e\u0441\u0441\u0438\u0439\u0441\u043a\u043e\u0433\u043e \u043f\u0440\u0430\u0432\u043e\u0437\u0430\u0449\u0438\u0442\u043d\u043e\u0433\u043e \u0446\u0435\u043d\u0442\u0440\u0430 \u201c\u041c\u0435\u043c\u043e\u0440\u0438\u0430\u043b\u201d \u0438 \u0424\u043e\u0440\u0443\u043c\u0430 \u0440\u0443\u0441\u0441\u043a\u043e\u044f\u0437\u044b\u0447\u043d\u044b\u0445 \u0435\u0432\u0440\u043e\u043f\u0435\u0439\u0446\u0435\u0432, \u0430 \u0442\u0430\u043a\u0436\u0435 \u043f\u0440\u0438 \u043f\u043e\u0434\u0434\u0435\u0440\u0436\u043a\u0435 \u0433\u0435\u0440\u043c\u0430\u043d\u0441\u043a\u043e\u0433\u043e \u041c\u0418\u0414\u0430.\",\"sameAs\":[\"https:\/\/www.human-rights-year.com\"],\"url\":\"https:\/\/www.human-rights-year.com\/de\/author\/humanrightsyear\/\"}]}<\/script>\n<!-- \/ Yoast SEO plugin. -->","yoast_head_json":{"title":"Ermittler wissen mehr \u00fcber den M\u00f6rder von Zelimkhan Khangoshvili - Europ\u00e4ischer Menschenrechtsdialog","description":"Die US-Beh\u00f6rden gehen davon aus, dass der Mord von Russland in\u00a0Auftrag gegeben wurde. Ein US-Regierungsmitarbeiter hatte gegen\u00fcber dem \u00abWall Street Journal\u00bb erkl\u00e4rt: \u00abDie Vereinigten Staaten glauben, dass Russland f\u00fcr diesen Mord verantwortlich ist.\u00bb","robots":{"index":"index","follow":"follow","max-snippet":"max-snippet:-1","max-image-preview":"max-image-preview:large","max-video-preview":"max-video-preview:-1"},"canonical":"https:\/\/www.human-rights-year.com\/de\/2019\/09\/16\/ermittler-wissen-mehr-ueber-den-moerder-von-zelimkhan-khangoshvili\/","og_locale":"de_DE","og_type":"article","og_title":"Ermittler wissen mehr \u00fcber den M\u00f6rder von Zelimkhan Khangoshvili - Europ\u00e4ischer Menschenrechtsdialog","og_description":"Die US-Beh\u00f6rden gehen davon aus, dass der Mord von Russland in\u00a0Auftrag gegeben wurde. Ein US-Regierungsmitarbeiter hatte gegen\u00fcber dem \u00abWall Street Journal\u00bb erkl\u00e4rt: \u00abDie Vereinigten Staaten glauben, dass Russland f\u00fcr diesen Mord verantwortlich ist.\u00bb","og_url":"https:\/\/www.human-rights-year.com\/de\/2019\/09\/16\/ermittler-wissen-mehr-ueber-den-moerder-von-zelimkhan-khangoshvili\/","og_site_name":"Europ\u00e4ischer Menschenrechtsdialog","article_published_time":"2019-09-16T09:04:47+00:00","article_modified_time":"2019-09-16T09:21:18+00:00","og_image":[{"width":1152,"height":792,"url":"https:\/\/www.human-rights-year.com\/wp-content\/uploads\/2019\/09\/3945919570_7ecf5c8556_o.jpg","type":"image\/jpeg"}],"author":"Human Rights Year","twitter_card":"summary_large_image","twitter_misc":{"Verfasst von":"Human Rights Year","Gesch\u00e4tzte Lesezeit":"1\u00a0Minute"},"schema":{"@context":"https:\/\/schema.org","@graph":[{"@type":"WebSite","@id":"https:\/\/www.human-rights-year.com\/#website","url":"https:\/\/www.human-rights-year.com\/","name":"\u0415\u0432\u0440\u043e\u043f\u0435\u0439\u0441\u043a\u0438\u0439 \u043f\u0440\u0430\u0432\u043e\u0437\u0430\u0449\u0438\u0442\u043d\u044b\u0439 \u0434\u0438\u0430\u043b\u043e\u0433","description":" ","potentialAction":[{"@type":"SearchAction","target":{"@type":"EntryPoint","urlTemplate":"https:\/\/www.human-rights-year.com\/?s={search_term_string}"},"query-input":"required name=search_term_string"}],"inLanguage":"de"},{"@type":"WebPage","@id":"https:\/\/www.human-rights-year.com\/de\/2019\/09\/16\/ermittler-wissen-mehr-ueber-den-moerder-von-zelimkhan-khangoshvili\/","url":"https:\/\/www.human-rights-year.com\/de\/2019\/09\/16\/ermittler-wissen-mehr-ueber-den-moerder-von-zelimkhan-khangoshvili\/","name":"Ermittler wissen mehr \u00fcber den M\u00f6rder von Zelimkhan Khangoshvili - Europ\u00e4ischer Menschenrechtsdialog","isPartOf":{"@id":"https:\/\/www.human-rights-year.com\/#website"},"datePublished":"2019-09-16T09:04:47+00:00","dateModified":"2019-09-16T09:21:18+00:00","author":{"@id":"https:\/\/www.human-rights-year.com\/#\/schema\/person\/54d85daa1545786aba6f5320df79bb4c"},"description":"Die US-Beh\u00f6rden gehen davon aus, dass der Mord von Russland in\u00a0Auftrag gegeben wurde. Ein US-Regierungsmitarbeiter hatte gegen\u00fcber dem \u00abWall Street Journal\u00bb erkl\u00e4rt: \u00abDie Vereinigten Staaten glauben, dass Russland f\u00fcr diesen Mord verantwortlich ist.\u00bb","breadcrumb":{"@id":"https:\/\/www.human-rights-year.com\/de\/2019\/09\/16\/ermittler-wissen-mehr-ueber-den-moerder-von-zelimkhan-khangoshvili\/#breadcrumb"},"inLanguage":"de","potentialAction":[{"@type":"ReadAction","target":["https:\/\/www.human-rights-year.com\/de\/2019\/09\/16\/ermittler-wissen-mehr-ueber-den-moerder-von-zelimkhan-khangoshvili\/"]}]},{"@type":"BreadcrumbList","@id":"https:\/\/www.human-rights-year.com\/de\/2019\/09\/16\/ermittler-wissen-mehr-ueber-den-moerder-von-zelimkhan-khangoshvili\/#breadcrumb","itemListElement":[{"@type":"ListItem","position":1,"name":"\u0413\u043b\u0430\u0432\u043d\u0430\u044f \u0441\u0442\u0440\u0430\u043d\u0438\u0446\u0430","item":"https:\/\/www.human-rights-year.com\/de\/"},{"@type":"ListItem","position":2,"name":"Ermittler wissen mehr \u00fcber den M\u00f6rder von Zelimkhan Khangoshvili"}]},{"@type":"Person","@id":"https:\/\/www.human-rights-year.com\/#\/schema\/person\/54d85daa1545786aba6f5320df79bb4c","name":"Human Rights Year","image":{"@type":"ImageObject","inLanguage":"de","@id":"https:\/\/www.human-rights-year.com\/#\/schema\/person\/image\/","url":"https:\/\/secure.gravatar.com\/avatar\/685b0e722b7b569d9169f933abfd5f26?s=96&d=mm&r=g","contentUrl":"https:\/\/secure.gravatar.com\/avatar\/685b0e722b7b569d9169f933abfd5f26?s=96&d=mm&r=g","caption":"Human Rights Year"},"description":"\u041d\u0435\u043c\u0435\u0446\u043a\u043e - \u0440\u043e\u0441\u0441\u0438\u0439\u0441\u043a\u0438\u0439 \u0433\u043e\u0434 \u043f\u0440\u0430\u0432 \u0447\u0435\u043b\u043e\u0432\u0435\u043a\u0430 \u041f\u0440\u043e\u0435\u043a\u0442 \u0438\u043d\u0444\u043e\u0440\u043c\u0438\u0440\u0443\u0435\u0442 \u043d\u0435\u043c\u0435\u0446\u043a\u043e\u0435 \u043e\u0431\u0449\u0435\u0441\u0442\u0432\u043e,\u00a0 \u0432 \u0442\u043e\u043c \u0447\u0438\u0441\u043b\u0435 \u0435\u0433\u043e \u0440\u0443\u0441\u0441\u043a\u043e\u044f\u0437\u044b\u0447\u043d\u0443\u044e \u0447\u0430\u0441\u0442\u044c, \u043e \u0441\u0438\u0442\u0443\u0430\u0446\u0438\u0438 \u0441 \u0441\u043e\u0431\u043b\u044e\u0434\u0435\u043d\u0438\u0435\u043c \u043f\u0440\u0430\u0432 \u0447\u0435\u043b\u043e\u0432\u0435\u043a\u0430 \u0432 \u0420\u043e\u0441\u0441\u0438\u0438; \u0430 \u0440\u043e\u0441\u0441\u0438\u044f\u043d - \u043e \u0441\u0438\u0442\u0443\u0430\u0446\u0438\u0438 \u0432 \u044d\u0442\u043e\u0439 \u043e\u0431\u043b\u0430\u0441\u0442\u0438 \u0432 \u0413\u0435\u0440\u043c\u0430\u043d\u0438\u0438. \u0420\u0435\u0430\u043b\u0438\u0437\u0443\u0435\u0442\u0441\u044f \u043f\u0440\u0438 \u0443\u0447\u0430\u0441\u0442\u0438\u0438 \u0440\u043e\u0441\u0441\u0438\u0439\u0441\u043a\u043e\u0433\u043e \u043f\u0440\u0430\u0432\u043e\u0437\u0430\u0449\u0438\u0442\u043d\u043e\u0433\u043e \u0446\u0435\u043d\u0442\u0440\u0430 \u201c\u041c\u0435\u043c\u043e\u0440\u0438\u0430\u043b\u201d \u0438 \u0424\u043e\u0440\u0443\u043c\u0430 \u0440\u0443\u0441\u0441\u043a\u043e\u044f\u0437\u044b\u0447\u043d\u044b\u0445 \u0435\u0432\u0440\u043e\u043f\u0435\u0439\u0446\u0435\u0432, \u0430 \u0442\u0430\u043a\u0436\u0435 \u043f\u0440\u0438 \u043f\u043e\u0434\u0434\u0435\u0440\u0436\u043a\u0435 \u0433\u0435\u0440\u043c\u0430\u043d\u0441\u043a\u043e\u0433\u043e \u041c\u0418\u0414\u0430.","sameAs":["https:\/\/www.human-rights-year.com"],"url":"https:\/\/www.human-rights-year.com\/de\/author\/humanrightsyear\/"}]}},"_links":{"self":[{"href":"https:\/\/www.human-rights-year.com\/de\/wp-json\/wp\/v2\/posts\/1079"}],"collection":[{"href":"https:\/\/www.human-rights-year.com\/de\/wp-json\/wp\/v2\/posts"}],"about":[{"href":"https:\/\/www.human-rights-year.com\/de\/wp-json\/wp\/v2\/types\/post"}],"author":[{"embeddable":true,"href":"https:\/\/www.human-rights-year.com\/de\/wp-json\/wp\/v2\/users\/1"}],"replies":[{"embeddable":true,"href":"https:\/\/www.human-rights-year.com\/de\/wp-json\/wp\/v2\/comments?post=1079"}],"version-history":[{"count":0,"href":"https:\/\/www.human-rights-year.com\/de\/wp-json\/wp\/v2\/posts\/1079\/revisions"}],"wp:featuredmedia":[{"embeddable":true,"href":"https:\/\/www.human-rights-year.com\/de\/wp-json\/wp\/v2\/media\/1080"}],"wp:attachment":[{"href":"https:\/\/www.human-rights-year.com\/de\/wp-json\/wp\/v2\/media?parent=1079"}],"wp:term":[{"taxonomy":"category","embeddable":true,"href":"https:\/\/www.human-rights-year.com\/de\/wp-json\/wp\/v2\/categories?post=1079"},{"taxonomy":"post_tag","embeddable":true,"href":"https:\/\/www.human-rights-year.com\/de\/wp-json\/wp\/v2\/tags?post=1079"}],"curies":[{"name":"wp","href":"https:\/\/api.w.org\/{rel}","templated":true}]}}