{"id":1077,"date":"2019-09-16T10:35:40","date_gmt":"2019-09-16T08:35:40","guid":{"rendered":"https:\/\/www.human-rights-year.com\/?p=1077"},"modified":"2019-09-16T10:39:32","modified_gmt":"2019-09-16T08:39:32","slug":"moderatorin-des-burjatischen-fernsehsenders-kuendigte-aus-protest","status":"publish","type":"post","link":"https:\/\/www.human-rights-year.com\/de\/2019\/09\/16\/moderatorin-des-burjatischen-fernsehsenders-kuendigte-aus-protest\/","title":{"rendered":"Moderatorin des burjatischen Fernsehsenders k\u00fcndigte aus Protest"},"content":{"rendered":"<p>Anna Zueva, Moderatorin des ATV-Kanals in Burjatien, k\u00fcndigte, da\u00a0in\u00a0den lokalen Medien keine Nachrichten \u00fcber die Protestdemos gezeigt wurden.<\/p>\n<p>\u00abFast keines der lokalen Medien berichtete \u00fcber die gewaltsame Aufl\u00f6sung der Demonstration durch den F\u00f6deralen Dienst der Streitkr\u00e4fte der Nationalgarde und \u00fcber die Festnahme von Bair Tsyrenov, den Abgeordneten von Volkshural. Und mir wurde klar, dass ich meinen Zuschauern nach dem, was ich auf dem Sowjetov-Platz gesehen hatte, nichts mehr \u00fcber die Superrepublik und die Stadt f\u00fcr die Menschen erz\u00e4hlen kann. Ich m\u00f6chte kein Gesch\u00e4ft mit meinem Gewissen machen\u00bb, schrieb Zueva in ihrem <a href=\"https:\/\/www.facebook.com\/nenetochka\/posts\/1223515714487685:1\" target=\"_blank\" rel=\"noopener noreferrer\">Facebook<\/a>.<!--more--><\/p>\n<p>Am\u00a08. September fand in\u00a0der Hauptstadt von Burjatien die erste Direktwahl des B\u00fcrgermeisters statt. Der\u00a0amtierende Chef der Stadt Igor Schutenkov gewann mit der Unterst\u00fctzung von der Regierungspartei \u00abEdinaja Rossija\u00bb . Am\u00a0Tag nach der Wahl starteten Anh\u00e4nger seines Gegners eine <a href=\"https:\/\/www.human-rights-year.com\/2019\/09\/15\/v-ulan-ude-mitingujushhie-nedovolny-rezultatom-vyborov-mera\/\" target=\"_blank\" rel=\"noopener noreferrer\">Protestkundgebung<\/a>.<\/p>\n<p>Anna Zueva war praktisch die einzige Regionaljournalistin, die ein Video \u00fcber die anhaltenden Proteste auf dem Hauptplatz von Ulan-Ude drehte. Vielleicht wird die Journalistin in\u00a0naher Zukunft ihren YouTube-Kanal entwickeln.<\/p>\n<p>&nbsp;<\/p>\n<p>&nbsp;<\/p>\n<p><a href=\"https:\/\/www.facebook.com\/nenetochka\/posts\/1223515714487685:1\" target=\"_blank\" rel=\"noopener noreferrer\">Fotografie<\/a><\/p>\n","protected":false},"excerpt":{"rendered":"<p>Anna Zueva, Moderatorin des ATV-Kanals in Burjatien, k\u00fcndigte, da\u00a0in\u00a0den lokalen Medien keine Nachrichten \u00fcber die Protestdemos gezeigt wurden. \u00abFast keines der lokalen Medien berichtete \u00fcber<\/p>\n","protected":false},"author":1,"featured_media":1075,"comment_status":"closed","ping_status":"open","sticky":false,"template":"","format":"standard","meta":[],"categories":[20,12],"tags":[201,203,202],"yoast_head":"<!-- This site is optimized with the Yoast SEO plugin v19.4 - https:\/\/yoast.com\/wordpress\/plugins\/seo\/ -->\n<title>Moderatorin des burjatischen Fernsehsenders k\u00fcndigte aus Protest - Europ\u00e4ischer Menschenrechtsdialog<\/title>\n<meta name=\"description\" content=\"Anna Zueva war praktisch die einzige Regionaljournalistin, die ein Video \u00fcber die anhaltenden Proteste auf dem Hauptplatz von Ulan-Ude drehte.\" \/>\n<meta name=\"robots\" content=\"index, follow, max-snippet:-1, max-image-preview:large, max-video-preview:-1\" \/>\n<link rel=\"canonical\" href=\"https:\/\/www.human-rights-year.com\/de\/2019\/09\/16\/moderatorin-des-burjatischen-fernsehsenders-kuendigte-aus-protest\/\" \/>\n<meta property=\"og:locale\" content=\"de_DE\" \/>\n<meta property=\"og:type\" content=\"article\" \/>\n<meta property=\"og:title\" content=\"Moderatorin des burjatischen Fernsehsenders k\u00fcndigte aus Protest - Europ\u00e4ischer Menschenrechtsdialog\" \/>\n<meta property=\"og:description\" content=\"Anna Zueva war praktisch die einzige Regionaljournalistin, die ein Video \u00fcber die anhaltenden Proteste auf dem Hauptplatz von Ulan-Ude drehte.\" \/>\n<meta property=\"og:url\" content=\"https:\/\/www.human-rights-year.com\/de\/2019\/09\/16\/moderatorin-des-burjatischen-fernsehsenders-kuendigte-aus-protest\/\" \/>\n<meta property=\"og:site_name\" content=\"Europ\u00e4ischer Menschenrechtsdialog\" \/>\n<meta property=\"article:published_time\" content=\"2019-09-16T08:35:40+00:00\" \/>\n<meta property=\"article:modified_time\" content=\"2019-09-16T08:39:32+00:00\" \/>\n<meta property=\"og:image\" content=\"https:\/\/www.human-rights-year.com\/wp-content\/uploads\/2019\/09\/zueva1.jpg\" \/>\n\t<meta property=\"og:image:width\" content=\"863\" \/>\n\t<meta property=\"og:image:height\" content=\"650\" \/>\n\t<meta property=\"og:image:type\" content=\"image\/jpeg\" \/>\n<meta name=\"author\" content=\"Human Rights Year\" \/>\n<meta name=\"twitter:card\" content=\"summary_large_image\" \/>\n<meta name=\"twitter:label1\" content=\"Verfasst von\" \/>\n\t<meta name=\"twitter:data1\" content=\"Human Rights Year\" \/>\n\t<meta name=\"twitter:label2\" content=\"Gesch\u00e4tzte Lesezeit\" \/>\n\t<meta name=\"twitter:data2\" content=\"1\u00a0Minute\" \/>\n<script type=\"application\/ld+json\" class=\"yoast-schema-graph\">{\"@context\":\"https:\/\/schema.org\",\"@graph\":[{\"@type\":\"WebSite\",\"@id\":\"https:\/\/www.human-rights-year.com\/#website\",\"url\":\"https:\/\/www.human-rights-year.com\/\",\"name\":\"\u0415\u0432\u0440\u043e\u043f\u0435\u0439\u0441\u043a\u0438\u0439 \u043f\u0440\u0430\u0432\u043e\u0437\u0430\u0449\u0438\u0442\u043d\u044b\u0439 \u0434\u0438\u0430\u043b\u043e\u0433\",\"description\":\" \",\"potentialAction\":[{\"@type\":\"SearchAction\",\"target\":{\"@type\":\"EntryPoint\",\"urlTemplate\":\"https:\/\/www.human-rights-year.com\/?s={search_term_string}\"},\"query-input\":\"required name=search_term_string\"}],\"inLanguage\":\"de\"},{\"@type\":\"WebPage\",\"@id\":\"https:\/\/www.human-rights-year.com\/de\/2019\/09\/16\/moderatorin-des-burjatischen-fernsehsenders-kuendigte-aus-protest\/\",\"url\":\"https:\/\/www.human-rights-year.com\/de\/2019\/09\/16\/moderatorin-des-burjatischen-fernsehsenders-kuendigte-aus-protest\/\",\"name\":\"Moderatorin des burjatischen Fernsehsenders k\u00fcndigte aus Protest - Europ\u00e4ischer Menschenrechtsdialog\",\"isPartOf\":{\"@id\":\"https:\/\/www.human-rights-year.com\/#website\"},\"datePublished\":\"2019-09-16T08:35:40+00:00\",\"dateModified\":\"2019-09-16T08:39:32+00:00\",\"author\":{\"@id\":\"https:\/\/www.human-rights-year.com\/#\/schema\/person\/54d85daa1545786aba6f5320df79bb4c\"},\"description\":\"Anna Zueva war praktisch die einzige Regionaljournalistin, die ein Video \u00fcber die anhaltenden Proteste auf dem Hauptplatz von Ulan-Ude drehte.\",\"breadcrumb\":{\"@id\":\"https:\/\/www.human-rights-year.com\/de\/2019\/09\/16\/moderatorin-des-burjatischen-fernsehsenders-kuendigte-aus-protest\/#breadcrumb\"},\"inLanguage\":\"de\",\"potentialAction\":[{\"@type\":\"ReadAction\",\"target\":[\"https:\/\/www.human-rights-year.com\/de\/2019\/09\/16\/moderatorin-des-burjatischen-fernsehsenders-kuendigte-aus-protest\/\"]}]},{\"@type\":\"BreadcrumbList\",\"@id\":\"https:\/\/www.human-rights-year.com\/de\/2019\/09\/16\/moderatorin-des-burjatischen-fernsehsenders-kuendigte-aus-protest\/#breadcrumb\",\"itemListElement\":[{\"@type\":\"ListItem\",\"position\":1,\"name\":\"\u0413\u043b\u0430\u0432\u043d\u0430\u044f \u0441\u0442\u0440\u0430\u043d\u0438\u0446\u0430\",\"item\":\"https:\/\/www.human-rights-year.com\/de\/\"},{\"@type\":\"ListItem\",\"position\":2,\"name\":\"Moderatorin des burjatischen Fernsehsenders k\u00fcndigte aus Protest\"}]},{\"@type\":\"Person\",\"@id\":\"https:\/\/www.human-rights-year.com\/#\/schema\/person\/54d85daa1545786aba6f5320df79bb4c\",\"name\":\"Human Rights Year\",\"image\":{\"@type\":\"ImageObject\",\"inLanguage\":\"de\",\"@id\":\"https:\/\/www.human-rights-year.com\/#\/schema\/person\/image\/\",\"url\":\"https:\/\/secure.gravatar.com\/avatar\/685b0e722b7b569d9169f933abfd5f26?s=96&d=mm&r=g\",\"contentUrl\":\"https:\/\/secure.gravatar.com\/avatar\/685b0e722b7b569d9169f933abfd5f26?s=96&d=mm&r=g\",\"caption\":\"Human Rights Year\"},\"description\":\"\u041d\u0435\u043c\u0435\u0446\u043a\u043e - \u0440\u043e\u0441\u0441\u0438\u0439\u0441\u043a\u0438\u0439 \u0433\u043e\u0434 \u043f\u0440\u0430\u0432 \u0447\u0435\u043b\u043e\u0432\u0435\u043a\u0430 \u041f\u0440\u043e\u0435\u043a\u0442 \u0438\u043d\u0444\u043e\u0440\u043c\u0438\u0440\u0443\u0435\u0442 \u043d\u0435\u043c\u0435\u0446\u043a\u043e\u0435 \u043e\u0431\u0449\u0435\u0441\u0442\u0432\u043e,\u00a0 \u0432 \u0442\u043e\u043c \u0447\u0438\u0441\u043b\u0435 \u0435\u0433\u043e \u0440\u0443\u0441\u0441\u043a\u043e\u044f\u0437\u044b\u0447\u043d\u0443\u044e \u0447\u0430\u0441\u0442\u044c, \u043e \u0441\u0438\u0442\u0443\u0430\u0446\u0438\u0438 \u0441 \u0441\u043e\u0431\u043b\u044e\u0434\u0435\u043d\u0438\u0435\u043c \u043f\u0440\u0430\u0432 \u0447\u0435\u043b\u043e\u0432\u0435\u043a\u0430 \u0432 \u0420\u043e\u0441\u0441\u0438\u0438; \u0430 \u0440\u043e\u0441\u0441\u0438\u044f\u043d - \u043e \u0441\u0438\u0442\u0443\u0430\u0446\u0438\u0438 \u0432 \u044d\u0442\u043e\u0439 \u043e\u0431\u043b\u0430\u0441\u0442\u0438 \u0432 \u0413\u0435\u0440\u043c\u0430\u043d\u0438\u0438. \u0420\u0435\u0430\u043b\u0438\u0437\u0443\u0435\u0442\u0441\u044f \u043f\u0440\u0438 \u0443\u0447\u0430\u0441\u0442\u0438\u0438 \u0440\u043e\u0441\u0441\u0438\u0439\u0441\u043a\u043e\u0433\u043e \u043f\u0440\u0430\u0432\u043e\u0437\u0430\u0449\u0438\u0442\u043d\u043e\u0433\u043e \u0446\u0435\u043d\u0442\u0440\u0430 \u201c\u041c\u0435\u043c\u043e\u0440\u0438\u0430\u043b\u201d \u0438 \u0424\u043e\u0440\u0443\u043c\u0430 \u0440\u0443\u0441\u0441\u043a\u043e\u044f\u0437\u044b\u0447\u043d\u044b\u0445 \u0435\u0432\u0440\u043e\u043f\u0435\u0439\u0446\u0435\u0432, \u0430 \u0442\u0430\u043a\u0436\u0435 \u043f\u0440\u0438 \u043f\u043e\u0434\u0434\u0435\u0440\u0436\u043a\u0435 \u0433\u0435\u0440\u043c\u0430\u043d\u0441\u043a\u043e\u0433\u043e \u041c\u0418\u0414\u0430.\",\"sameAs\":[\"https:\/\/www.human-rights-year.com\"],\"url\":\"https:\/\/www.human-rights-year.com\/de\/author\/humanrightsyear\/\"}]}<\/script>\n<!-- \/ Yoast SEO plugin. -->","yoast_head_json":{"title":"Moderatorin des burjatischen Fernsehsenders k\u00fcndigte aus Protest - Europ\u00e4ischer Menschenrechtsdialog","description":"Anna Zueva war praktisch die einzige Regionaljournalistin, die ein Video \u00fcber die anhaltenden Proteste auf dem Hauptplatz von Ulan-Ude drehte.","robots":{"index":"index","follow":"follow","max-snippet":"max-snippet:-1","max-image-preview":"max-image-preview:large","max-video-preview":"max-video-preview:-1"},"canonical":"https:\/\/www.human-rights-year.com\/de\/2019\/09\/16\/moderatorin-des-burjatischen-fernsehsenders-kuendigte-aus-protest\/","og_locale":"de_DE","og_type":"article","og_title":"Moderatorin des burjatischen Fernsehsenders k\u00fcndigte aus Protest - Europ\u00e4ischer Menschenrechtsdialog","og_description":"Anna Zueva war praktisch die einzige Regionaljournalistin, die ein Video \u00fcber die anhaltenden Proteste auf dem Hauptplatz von Ulan-Ude drehte.","og_url":"https:\/\/www.human-rights-year.com\/de\/2019\/09\/16\/moderatorin-des-burjatischen-fernsehsenders-kuendigte-aus-protest\/","og_site_name":"Europ\u00e4ischer Menschenrechtsdialog","article_published_time":"2019-09-16T08:35:40+00:00","article_modified_time":"2019-09-16T08:39:32+00:00","og_image":[{"width":863,"height":650,"url":"https:\/\/www.human-rights-year.com\/wp-content\/uploads\/2019\/09\/zueva1.jpg","type":"image\/jpeg"}],"author":"Human Rights Year","twitter_card":"summary_large_image","twitter_misc":{"Verfasst von":"Human Rights Year","Gesch\u00e4tzte Lesezeit":"1\u00a0Minute"},"schema":{"@context":"https:\/\/schema.org","@graph":[{"@type":"WebSite","@id":"https:\/\/www.human-rights-year.com\/#website","url":"https:\/\/www.human-rights-year.com\/","name":"\u0415\u0432\u0440\u043e\u043f\u0435\u0439\u0441\u043a\u0438\u0439 \u043f\u0440\u0430\u0432\u043e\u0437\u0430\u0449\u0438\u0442\u043d\u044b\u0439 \u0434\u0438\u0430\u043b\u043e\u0433","description":" ","potentialAction":[{"@type":"SearchAction","target":{"@type":"EntryPoint","urlTemplate":"https:\/\/www.human-rights-year.com\/?s={search_term_string}"},"query-input":"required name=search_term_string"}],"inLanguage":"de"},{"@type":"WebPage","@id":"https:\/\/www.human-rights-year.com\/de\/2019\/09\/16\/moderatorin-des-burjatischen-fernsehsenders-kuendigte-aus-protest\/","url":"https:\/\/www.human-rights-year.com\/de\/2019\/09\/16\/moderatorin-des-burjatischen-fernsehsenders-kuendigte-aus-protest\/","name":"Moderatorin des burjatischen Fernsehsenders k\u00fcndigte aus Protest - Europ\u00e4ischer Menschenrechtsdialog","isPartOf":{"@id":"https:\/\/www.human-rights-year.com\/#website"},"datePublished":"2019-09-16T08:35:40+00:00","dateModified":"2019-09-16T08:39:32+00:00","author":{"@id":"https:\/\/www.human-rights-year.com\/#\/schema\/person\/54d85daa1545786aba6f5320df79bb4c"},"description":"Anna Zueva war praktisch die einzige Regionaljournalistin, die ein Video \u00fcber die anhaltenden Proteste auf dem Hauptplatz von Ulan-Ude drehte.","breadcrumb":{"@id":"https:\/\/www.human-rights-year.com\/de\/2019\/09\/16\/moderatorin-des-burjatischen-fernsehsenders-kuendigte-aus-protest\/#breadcrumb"},"inLanguage":"de","potentialAction":[{"@type":"ReadAction","target":["https:\/\/www.human-rights-year.com\/de\/2019\/09\/16\/moderatorin-des-burjatischen-fernsehsenders-kuendigte-aus-protest\/"]}]},{"@type":"BreadcrumbList","@id":"https:\/\/www.human-rights-year.com\/de\/2019\/09\/16\/moderatorin-des-burjatischen-fernsehsenders-kuendigte-aus-protest\/#breadcrumb","itemListElement":[{"@type":"ListItem","position":1,"name":"\u0413\u043b\u0430\u0432\u043d\u0430\u044f \u0441\u0442\u0440\u0430\u043d\u0438\u0446\u0430","item":"https:\/\/www.human-rights-year.com\/de\/"},{"@type":"ListItem","position":2,"name":"Moderatorin des burjatischen Fernsehsenders k\u00fcndigte aus Protest"}]},{"@type":"Person","@id":"https:\/\/www.human-rights-year.com\/#\/schema\/person\/54d85daa1545786aba6f5320df79bb4c","name":"Human Rights Year","image":{"@type":"ImageObject","inLanguage":"de","@id":"https:\/\/www.human-rights-year.com\/#\/schema\/person\/image\/","url":"https:\/\/secure.gravatar.com\/avatar\/685b0e722b7b569d9169f933abfd5f26?s=96&d=mm&r=g","contentUrl":"https:\/\/secure.gravatar.com\/avatar\/685b0e722b7b569d9169f933abfd5f26?s=96&d=mm&r=g","caption":"Human Rights Year"},"description":"\u041d\u0435\u043c\u0435\u0446\u043a\u043e - \u0440\u043e\u0441\u0441\u0438\u0439\u0441\u043a\u0438\u0439 \u0433\u043e\u0434 \u043f\u0440\u0430\u0432 \u0447\u0435\u043b\u043e\u0432\u0435\u043a\u0430 \u041f\u0440\u043e\u0435\u043a\u0442 \u0438\u043d\u0444\u043e\u0440\u043c\u0438\u0440\u0443\u0435\u0442 \u043d\u0435\u043c\u0435\u0446\u043a\u043e\u0435 \u043e\u0431\u0449\u0435\u0441\u0442\u0432\u043e,\u00a0 \u0432 \u0442\u043e\u043c \u0447\u0438\u0441\u043b\u0435 \u0435\u0433\u043e \u0440\u0443\u0441\u0441\u043a\u043e\u044f\u0437\u044b\u0447\u043d\u0443\u044e \u0447\u0430\u0441\u0442\u044c, \u043e \u0441\u0438\u0442\u0443\u0430\u0446\u0438\u0438 \u0441 \u0441\u043e\u0431\u043b\u044e\u0434\u0435\u043d\u0438\u0435\u043c \u043f\u0440\u0430\u0432 \u0447\u0435\u043b\u043e\u0432\u0435\u043a\u0430 \u0432 \u0420\u043e\u0441\u0441\u0438\u0438; \u0430 \u0440\u043e\u0441\u0441\u0438\u044f\u043d - \u043e \u0441\u0438\u0442\u0443\u0430\u0446\u0438\u0438 \u0432 \u044d\u0442\u043e\u0439 \u043e\u0431\u043b\u0430\u0441\u0442\u0438 \u0432 \u0413\u0435\u0440\u043c\u0430\u043d\u0438\u0438. \u0420\u0435\u0430\u043b\u0438\u0437\u0443\u0435\u0442\u0441\u044f \u043f\u0440\u0438 \u0443\u0447\u0430\u0441\u0442\u0438\u0438 \u0440\u043e\u0441\u0441\u0438\u0439\u0441\u043a\u043e\u0433\u043e \u043f\u0440\u0430\u0432\u043e\u0437\u0430\u0449\u0438\u0442\u043d\u043e\u0433\u043e \u0446\u0435\u043d\u0442\u0440\u0430 \u201c\u041c\u0435\u043c\u043e\u0440\u0438\u0430\u043b\u201d \u0438 \u0424\u043e\u0440\u0443\u043c\u0430 \u0440\u0443\u0441\u0441\u043a\u043e\u044f\u0437\u044b\u0447\u043d\u044b\u0445 \u0435\u0432\u0440\u043e\u043f\u0435\u0439\u0446\u0435\u0432, \u0430 \u0442\u0430\u043a\u0436\u0435 \u043f\u0440\u0438 \u043f\u043e\u0434\u0434\u0435\u0440\u0436\u043a\u0435 \u0433\u0435\u0440\u043c\u0430\u043d\u0441\u043a\u043e\u0433\u043e \u041c\u0418\u0414\u0430.","sameAs":["https:\/\/www.human-rights-year.com"],"url":"https:\/\/www.human-rights-year.com\/de\/author\/humanrightsyear\/"}]}},"_links":{"self":[{"href":"https:\/\/www.human-rights-year.com\/de\/wp-json\/wp\/v2\/posts\/1077"}],"collection":[{"href":"https:\/\/www.human-rights-year.com\/de\/wp-json\/wp\/v2\/posts"}],"about":[{"href":"https:\/\/www.human-rights-year.com\/de\/wp-json\/wp\/v2\/types\/post"}],"author":[{"embeddable":true,"href":"https:\/\/www.human-rights-year.com\/de\/wp-json\/wp\/v2\/users\/1"}],"replies":[{"embeddable":true,"href":"https:\/\/www.human-rights-year.com\/de\/wp-json\/wp\/v2\/comments?post=1077"}],"version-history":[{"count":0,"href":"https:\/\/www.human-rights-year.com\/de\/wp-json\/wp\/v2\/posts\/1077\/revisions"}],"wp:featuredmedia":[{"embeddable":true,"href":"https:\/\/www.human-rights-year.com\/de\/wp-json\/wp\/v2\/media\/1075"}],"wp:attachment":[{"href":"https:\/\/www.human-rights-year.com\/de\/wp-json\/wp\/v2\/media?parent=1077"}],"wp:term":[{"taxonomy":"category","embeddable":true,"href":"https:\/\/www.human-rights-year.com\/de\/wp-json\/wp\/v2\/categories?post=1077"},{"taxonomy":"post_tag","embeddable":true,"href":"https:\/\/www.human-rights-year.com\/de\/wp-json\/wp\/v2\/tags?post=1077"}],"curies":[{"name":"wp","href":"https:\/\/api.w.org\/{rel}","templated":true}]}}